{"id":142,"date":"2009-05-15T00:42:00","date_gmt":"2009-05-15T00:42:00","guid":{"rendered":"http:\/\/blogs.hoy.es\/Juandomingofernandez\/?p=142"},"modified":"2009-05-15T00:42:00","modified_gmt":"2009-05-15T00:42:00","slug":"florentino-y-soberania-nacional","status":"publish","type":"post","link":"https:\/\/blogs.hoy.es\/Juandomingofernandez\/2009\/05\/15\/florentino-y-soberania-nacional\/","title":{"rendered":"Florentino y la soberan\u00eda nacional"},"content":{"rendered":"<p><big>Desde hace a\u00f1os, cuando yo quiero desanudar las laber\u00ednticas discusiones a las que estamos abocados los madridistas que tenemos que v\u00e9rnoslas con los conspicuos aficionados del Bar\u00e7a, del Atleti o de cualquier otro equipo se\u00f1ero, recurro a una f\u00f3rmula que nunca falla. \u00abEl Real Madrid\u00bb, les digo, \u00abencarna la soberan\u00eda nacional\u00bb. Algunos entienden la iron\u00eda de esa proclama y me contestan de modo displicente: \u00ab\u00a1Est\u00e1s t\u00fa listo!\u00bb, \u00ab\u00a1Vaya chorrada\u00bb o cosas por el estilo. <\/p>\n<p>Pero lo cierto es que la estratagema funciona y a partir de ese quiebro la discusi\u00f3n deriva por cauces m\u00e1s terrenales. Nunca falla.<\/p>\n<p>Ayer, jueves, a las 11.30 horas, Florentino P\u00e9rez, \u2018El Deseado\u2019, anunci\u00f3 a bombo y platillo su decisi\u00f3n de presentarse a las elecciones para presidente del Real Madrid. No era ninguna sorpresa. Casi todo el mundo lo sab\u00eda. De hecho, alguna cadena de televisi\u00f3n (La Sexta) transmiti\u00f3 en directo su comparecencia ante los medios desde el Hotel Ritz de Madrid, de la que tambi\u00e9n dieron buena cuenta al instante todas las emisoras de radio y las ediciones digitales de los principales peri\u00f3dicos. <\/p>\n<p>Es sabido que las cosas importantes de este mundo son invisibles: el amor, la amistad, la solidaridad, la justicia&#8230; Del mismo modo, el regreso de Florentino P\u00e9rez significa, m\u00e1s all\u00e1 del pu\u00f1ado de nombres que se barajan como futuros fichajes, la vuelta de una leyenda, el regreso de una \u00abmitolog\u00eda\u00bb ligada a un Real Madrid donde brillaron genios como Zidane, Ronaldo, Beckham, Figo&#8230; \u00abun jugador que naci\u00f3 para jugar en el Real Madrid\u00bb; ligada al equipo ganador de la Champions, de la Supercopa de Europa, de la Intercontinental, de varias ligas&#8230; La vuelta de una esperanza capaz de conciliar entre sus hinchas todas las ideolog\u00edas, razas y hasta religiones. Un club abierto al mundo. <\/p>\n<p>Tras el espect\u00e1culo algo bandarra (el futbol\u00edstico fue otra cosa) de la final de la Copa del Rey, mis amigos del Bar\u00e7a estaban exultantes por el juego del equipo que entrena Guardiola. Pero ayer, cuando comprobaron que el regreso de Florentino ya es una realidad, eso de que el Madrid encarna la soberan\u00eda nacional no les pareci\u00f3 ni siquiera ir\u00f3nico. Por algo ser\u00e1. <\/big><\/p>\n<!-- AddThis Advanced Settings generic via filter on the_content --><!-- AddThis Share Buttons generic via filter on the_content -->","protected":false},"excerpt":{"rendered":"<p>Desde hace a\u00f1os, cuando yo quiero desanudar las laber\u00ednticas discusiones a las que estamos abocados los madridistas que tenemos que v\u00e9rnoslas con los conspicuos aficionados del Bar\u00e7a, del Atleti o de cualquier otro equipo se\u00f1ero, recurro a una f\u00f3rmula que nunca falla. \u00abEl Real Madrid\u00bb, les digo, \u00abencarna la soberan\u00eda nacional\u00bb. Algunos entienden la iron\u00eda [&hellip;]<!-- AddThis Advanced Settings generic via filter on get_the_excerpt --><!-- AddThis Share Buttons generic via filter on get_the_excerpt --><\/p>\n","protected":false},"author":13,"featured_media":0,"comment_status":"open","ping_status":"closed","sticky":false,"template":"","format":"standard","meta":[],"categories":[1],"tags":[517,648],"_links":{"self":[{"href":"https:\/\/blogs.hoy.es\/Juandomingofernandez\/wp-json\/wp\/v2\/posts\/142"}],"collection":[{"href":"https:\/\/blogs.hoy.es\/Juandomingofernandez\/wp-json\/wp\/v2\/posts"}],"about":[{"href":"https:\/\/blogs.hoy.es\/Juandomingofernandez\/wp-json\/wp\/v2\/types\/post"}],"author":[{"embeddable":true,"href":"https:\/\/blogs.hoy.es\/Juandomingofernandez\/wp-json\/wp\/v2\/users\/13"}],"replies":[{"embeddable":true,"href":"https:\/\/blogs.hoy.es\/Juandomingofernandez\/wp-json\/wp\/v2\/comments?post=142"}],"version-history":[{"count":0,"href":"https:\/\/blogs.hoy.es\/Juandomingofernandez\/wp-json\/wp\/v2\/posts\/142\/revisions"}],"wp:attachment":[{"href":"https:\/\/blogs.hoy.es\/Juandomingofernandez\/wp-json\/wp\/v2\/media?parent=142"}],"wp:term":[{"taxonomy":"category","embeddable":true,"href":"https:\/\/blogs.hoy.es\/Juandomingofernandez\/wp-json\/wp\/v2\/categories?post=142"},{"taxonomy":"post_tag","embeddable":true,"href":"https:\/\/blogs.hoy.es\/Juandomingofernandez\/wp-json\/wp\/v2\/tags?post=142"}],"curies":[{"name":"wp","href":"https:\/\/api.w.org\/{rel}","templated":true}]}}