{"id":143,"date":"2009-05-21T23:44:00","date_gmt":"2009-05-21T23:44:00","guid":{"rendered":"http:\/\/blogs.hoy.es\/Juandomingofernandez\/?p=143"},"modified":"2009-05-21T23:44:00","modified_gmt":"2009-05-21T23:44:00","slug":"espectaculo-o-muerte-la-arena","status":"publish","type":"post","link":"https:\/\/blogs.hoy.es\/Juandomingofernandez\/2009\/05\/21\/espectaculo-o-muerte-la-arena\/","title":{"rendered":"Espect\u00e1culo o muerte en la arena"},"content":{"rendered":"<p><meta http-equiv=\"Content-Type\" content=\"text\/html; charset=utf-8\"><meta name=\"ProgId\" content=\"Word.Document\"><meta name=\"Generator\" content=\"Microsoft Word 11\"><meta name=\"Originator\" content=\"Microsoft Word 11\"><link rel=\"File-List\" href=\"file:\/\/\/C:%5CDOCUME%7E1%5CTEMP%5CCONFIG%7E1%5CTemp%5Cmsohtml1%5C01%5Cclip_filelist.xml\"><o:smarttagtype namespaceuri=\"urn:schemas-microsoft-com:office:smarttags\" name=\"PersonName\"><\/o:smarttagtype><strong>No hace falta consultar el Coss\u00edo para saber que cada \u00e9poca tiene su toreo. En los tiempos oscuros de la posguerra era natural que triunfara un diestro enjuto y grave como Manolete, a quien la muerte temprana regal\u00f3, para rematar la estampa, la corona legendaria del mito.  <\/p>\n<p>En los a\u00f1os del desarrollismo, de las turistas suecas y del Seat 600 hab\u00eda que desprenderse de la seriedad del luto, de la contenci\u00f3n aut\u00e1rquica y triunf\u00f3 un torero como Manuel Ben\u00edtez \u2018El Cordob\u00e9s\u2019, a mitad de camino entre el gladiador de \u00abo llevar\u00e1s luto por m\u00ed\u00bb y el hombre espect\u00e1culo, con faenas aparatosas que aplaud\u00edan enfervorizados los espa\u00f1oles que ya empezaban a tener agua corriente, cocinas de gas butano y aparatos de televisi\u00f3n donde Mat\u00edas Prats (padre) era un personaje omnipresente.  <\/p>\n<p>Atr\u00e1s hab\u00edan quedado los a\u00f1os del toreo moderno que inauguran Belmonte (el primero que identifica la lidia con un ejercicio de arte donde la quietud forma parte de la obra) y Joselito &#8216;El Gallo&#8217;. <\/p>\n<p>&#8216;El Cordob\u00e9s&#8217; fue para el toreo lo mismo que la Revoluci\u00f3n Industrial para la econom\u00eda. Un cambio de ciclo. El tr\u00e1nsito a otra sociedad. Despu\u00e9s de \u00e9l desaparecieron los espont\u00e1neos, los maletillas y esa mitolog\u00eda del h\u00e9roe humilde que triunfa tras el hambre, las cornadas o despu\u00e9s de haber recibido kil\u00f3metros de guantes sobre los cuadril\u00e1teros de boxeo.  Todo aquello pas\u00f3. <\/p>\n<p>Curro Romero y Rafael de Paula acabaron definitivamente con el mito del torero \u2018gladiador\u2019. Ahora lo que cuenta es el arte. O la aspiraci\u00f3n al arte, mejor. Con un paso m\u00e1s all\u00e1: no s\u00f3lo hay que saber torear y estarse quieto (en donde nadie se pone) sino demostrar que uno se viste de luces dispuesto a morir en la arena. Cu\u00e1ntos aficionados van a la plaza con la tenebrosa esperanza y el morboso temor de asistir a una fiesta y a un funeral. <\/p>\n<p>Pero al ritmo en que se suceden los acontecimientos, me parece que ese toreo de \u2018punto final\u2019 est\u00e1 ya amortizado, cumpli\u00f3 su ciclo. En ese vag\u00f3n hay demasiados viajeros. La pregunta ahora es \u00bfqu\u00e9 estilo se impondr\u00e1 en tiempos de crisis? Si para cornadas, las de la vida diaria, yo creo que mejor que triunfe el bombero torero.  <\/p>\n<p>Y fuera penas.<\/strong> <\/p>\n<!-- AddThis Advanced Settings generic via filter on the_content --><!-- AddThis Share Buttons generic via filter on the_content -->","protected":false},"excerpt":{"rendered":"<p>No hace falta consultar el Coss\u00edo para saber que cada \u00e9poca tiene su toreo. En los tiempos oscuros de la posguerra era natural que triunfara un diestro enjuto y grave como Manolete, a quien la muerte temprana regal\u00f3, para rematar la estampa, la corona legendaria del mito. En los a\u00f1os del desarrollismo, de las turistas [&hellip;]<!-- AddThis Advanced Settings generic via filter on get_the_excerpt --><!-- AddThis Share Buttons generic via filter on get_the_excerpt --><\/p>\n","protected":false},"author":13,"featured_media":0,"comment_status":"open","ping_status":"closed","sticky":false,"template":"","format":"standard","meta":[],"categories":[1],"tags":[103,1239,1306],"_links":{"self":[{"href":"https:\/\/blogs.hoy.es\/Juandomingofernandez\/wp-json\/wp\/v2\/posts\/143"}],"collection":[{"href":"https:\/\/blogs.hoy.es\/Juandomingofernandez\/wp-json\/wp\/v2\/posts"}],"about":[{"href":"https:\/\/blogs.hoy.es\/Juandomingofernandez\/wp-json\/wp\/v2\/types\/post"}],"author":[{"embeddable":true,"href":"https:\/\/blogs.hoy.es\/Juandomingofernandez\/wp-json\/wp\/v2\/users\/13"}],"replies":[{"embeddable":true,"href":"https:\/\/blogs.hoy.es\/Juandomingofernandez\/wp-json\/wp\/v2\/comments?post=143"}],"version-history":[{"count":0,"href":"https:\/\/blogs.hoy.es\/Juandomingofernandez\/wp-json\/wp\/v2\/posts\/143\/revisions"}],"wp:attachment":[{"href":"https:\/\/blogs.hoy.es\/Juandomingofernandez\/wp-json\/wp\/v2\/media?parent=143"}],"wp:term":[{"taxonomy":"category","embeddable":true,"href":"https:\/\/blogs.hoy.es\/Juandomingofernandez\/wp-json\/wp\/v2\/categories?post=143"},{"taxonomy":"post_tag","embeddable":true,"href":"https:\/\/blogs.hoy.es\/Juandomingofernandez\/wp-json\/wp\/v2\/tags?post=143"}],"curies":[{"name":"wp","href":"https:\/\/api.w.org\/{rel}","templated":true}]}}