{"id":146,"date":"2009-06-12T00:13:00","date_gmt":"2009-06-12T00:13:00","guid":{"rendered":"http:\/\/blogs.hoy.es\/Juandomingofernandez\/?p=146"},"modified":"2009-06-12T00:13:00","modified_gmt":"2009-06-12T00:13:00","slug":"sin-brazo-y-sin-papeles","status":"publish","type":"post","link":"https:\/\/blogs.hoy.es\/Juandomingofernandez\/2009\/06\/12\/sin-brazo-y-sin-papeles\/","title":{"rendered":"Sin brazo y sin papeles"},"content":{"rendered":"<p><meta http-equiv=\"Content-Type\" content=\"text\/html; charset=utf-8\"><meta name=\"ProgId\" content=\"Word.Document\"><meta name=\"Generator\" content=\"Microsoft Word 11\"><meta name=\"Originator\" content=\"Microsoft Word 11\"><link rel=\"File-List\" href=\"file:\/\/\/C:%5CDOCUME%7E1%5CTEMP%5CCONFIG%7E1%5CTemp%5Cmsohtml1%5C01%5Cclip_filelist.xml\"><o:smarttagtype namespaceuri=\"urn:schemas-microsoft-com:office:smarttags\" name=\"PersonName\"><\/o:smarttagtype><o:smarttagtype namespaceuri=\"urn:schemas-microsoft-com:office:smarttags\" name=\"metricconverter\"><\/o:smarttagtype>  <\/p>\n<p class=\"MsoNormal\" style=\"\"><span style=\"font-size: 9.5pt; font-family: Scala-Regular; color: rgb(124, 143, 163);\" lang=\"ES-TRAD\"><\/span><big>La historia est\u00e1 llena de mancos ilustres, gente que ha perdido una extremidad en situaciones honrosas y arriesgadas. El propio Cervantes reprochaba al falsario Avellaneda que le hubiera tachado de \u00abviejo y de manco, como si hubiera sido en mi mano haber detenido el tiempo, que no pasase por m\u00ed, o si mi manquedad hubiera nacido en alguna taberna, sino en la m\u00e1s alta ocasi\u00f3n que vieron los siglos pasados, los presentes, ni esperan ver los venideros\u00bb. Aquella \u00abalta ocasi\u00f3n\u00bb fue, como es bien sabido, la batalla de Lepanto.<br \/>\n<\/big><\/p>\n<p class=\"MsoNormal\" style=\"\"><big>Valle Incl\u00e1n, otro de los mancos ilustres de la historia espa\u00f1ola, perdi\u00f3 su brazo izquierdo en situaci\u00f3n m\u00e1s confusa: una herida gangrenada tras recibir el bastonazo de un adversario de tertulia, no en una taberna pero s\u00ed en un caf\u00e9 junto a la madrile\u00f1a Puerta del Sol. Aunque supongo que para un esp\u00edritu tan esencialmente \u2018literario\u2019 como el de Valle, lo prosaico de la trifulca no fue dem\u00e9rito, pues ya se encargar\u00eda su genio creador de adornar el episodio con la aureola de la leyenda.<br \/>\n<\/big><\/p>\n<p class=\"MsoNormal\" style=\"\"><big>En ambos casos, a la vista de la obra que dejaron tras s\u00ed, la p\u00e9rdida del brazo no les rest\u00f3 presencia y m\u00e9rito en su trayectoria profesional.<br \/>\n<\/big><\/p>\n<p class=\"MsoNormal\" style=\"\"><big>Ahora la situaci\u00f3n es distinta. La historia del boliviano Franns Rilles Melgar Vargas ha conmocionado a Espa\u00f1a tras conocerse que este inmigrante \u2018sin papeles\u2019 se qued\u00f3 sin su brazo izquierdo despu\u00e9s de sufrir un terrible accidente laboral en la panader\u00eda en la que trabajaba sin contrato. Un brazo que no pudieron implantarle en el hospital al que lleg\u00f3, entre otras cosas porque el empresario que lo traslad\u00f3 hasta all\u00ed  le dej\u00f3 a 200 metros de Urgencias y, lo que es m\u00e1s grave, se desprendi\u00f3 poco despu\u00e9s del miembro amputado y lo arroj\u00f3 a la basura.<br \/>\n<\/big><\/p>\n<p class=\"MsoNormal\" style=\"\"><big>Yo s\u00e9 que llegado a este punto lo f\u00e1cil ser\u00eda hacer un buen acopio de moralina y arremeter  contra esta sociedad despiadada que dedica los consabidos quince minutos de gloria medi\u00e1tica al caso de Melgar Vargas sin que ma\u00f1ana cambie nada y siga la fiesta. Ya ocurri\u00f3 algo parecido con aquel inmigrante \u00bfmarroqu\u00ed? que se qued\u00f3 inv\u00e1lido por salvar la vida a un viajero del Metro.  Adem\u00e1s de dar papeles, el Estado deber\u00eda dejarse de literatura y resucitar para ellos una vieja instituci\u00f3n: la de Mutilados por la Patria. Que es lo que son.<\/big><\/p>\n<!-- AddThis Advanced Settings generic via filter on the_content --><!-- AddThis Share Buttons generic via filter on the_content -->","protected":false},"excerpt":{"rendered":"<p>La historia est\u00e1 llena de mancos ilustres, gente que ha perdido una extremidad en situaciones honrosas y arriesgadas. El propio Cervantes reprochaba al falsario Avellaneda que le hubiera tachado de \u00abviejo y de manco, como si hubiera sido en mi mano haber detenido el tiempo, que no pasase por m\u00ed, o si mi manquedad hubiera [&hellip;]<!-- AddThis Advanced Settings generic via filter on get_the_excerpt --><!-- AddThis Share Buttons generic via filter on get_the_excerpt --><\/p>\n","protected":false},"author":13,"featured_media":0,"comment_status":"open","ping_status":"closed","sticky":false,"template":"","format":"standard","meta":[],"categories":[1],"tags":[68,217,452],"_links":{"self":[{"href":"https:\/\/blogs.hoy.es\/Juandomingofernandez\/wp-json\/wp\/v2\/posts\/146"}],"collection":[{"href":"https:\/\/blogs.hoy.es\/Juandomingofernandez\/wp-json\/wp\/v2\/posts"}],"about":[{"href":"https:\/\/blogs.hoy.es\/Juandomingofernandez\/wp-json\/wp\/v2\/types\/post"}],"author":[{"embeddable":true,"href":"https:\/\/blogs.hoy.es\/Juandomingofernandez\/wp-json\/wp\/v2\/users\/13"}],"replies":[{"embeddable":true,"href":"https:\/\/blogs.hoy.es\/Juandomingofernandez\/wp-json\/wp\/v2\/comments?post=146"}],"version-history":[{"count":0,"href":"https:\/\/blogs.hoy.es\/Juandomingofernandez\/wp-json\/wp\/v2\/posts\/146\/revisions"}],"wp:attachment":[{"href":"https:\/\/blogs.hoy.es\/Juandomingofernandez\/wp-json\/wp\/v2\/media?parent=146"}],"wp:term":[{"taxonomy":"category","embeddable":true,"href":"https:\/\/blogs.hoy.es\/Juandomingofernandez\/wp-json\/wp\/v2\/categories?post=146"},{"taxonomy":"post_tag","embeddable":true,"href":"https:\/\/blogs.hoy.es\/Juandomingofernandez\/wp-json\/wp\/v2\/tags?post=146"}],"curies":[{"name":"wp","href":"https:\/\/api.w.org\/{rel}","templated":true}]}}