{"id":149,"date":"2009-07-02T22:37:00","date_gmt":"2009-07-02T22:37:00","guid":{"rendered":"http:\/\/blogs.hoy.es\/Juandomingofernandez\/?p=149"},"modified":"2009-07-02T22:37:00","modified_gmt":"2009-07-02T22:37:00","slug":"de-nombres-y-apodos","status":"publish","type":"post","link":"https:\/\/blogs.hoy.es\/Juandomingofernandez\/2009\/07\/02\/de-nombres-y-apodos\/","title":{"rendered":"De nombres y apodos"},"content":{"rendered":"<p><meta http-equiv=\"Content-Type\" content=\"text\/html; charset=utf-8\"><meta name=\"ProgId\" content=\"Word.Document\"><meta name=\"Generator\" content=\"Microsoft Word 11\"><meta name=\"Originator\" content=\"Microsoft Word 11\"><link rel=\"File-List\" href=\"file:\/\/\/C:%5CDOCUME%7E1%5CJFERNA%7E1%5CCONFIG%7E1%5CTemp%5Cmsohtml1%5C01%5Cclip_filelist.xml\"><o:smarttagtype namespaceuri=\"urn:schemas-microsoft-com:office:smarttags\" name=\"PersonName\"><\/o:smarttagtype><strong>Durante siglos la intrahistoria de los pueblos espa\u00f1oles podr\u00eda reconstruirse a trav\u00e9s de sus motes y apodos. Rara es la aldea, villa o ciudad donde no se recuerden varias docenas de sobrenombres relativos a oficios, defectos f\u00edsicos o particularidades dignas de recuerdo. Los lectores de \u2018El camino\u2019, de Miguel Delibes, seguro que no se olvidan de Daniel \u2018El Mochuelo\u2019, Roque \u2018El Mo\u00f1igo\u2019 o aquel maestro que por tener la boca torcida apodaron \u2018El Pe\u00f3n\u2019, que en el ajedrez avanza de frente y come de lado. <\/p>\n<p>En Cedillo, ese pueblo cacere\u00f1o rayano con Portugal, se han permitido incluso elaborar una gu\u00eda telef\u00f3nica \u2018alternativa\u2019 donde figura en vez del nombre y los dos apellidos el mote con el que se conoce al titular del tel\u00e9fono. Por eso el alcalde no aparece como Antonio Gonz\u00e1lez Riscado, sino como Antonio \u2018Botines\u2019 y quien lo desee puede averiguar el n\u00famero de Pedro \u2018Pito\u2019 o Francisca Pelotas, entre otros muchos. <\/p>\n<p>En mi Ibahernando natal, por ejemplo, pocos conoc\u00edan los apellidos del carpintero \u2013por cierto, protestante y excelente persona\u2013 pero todos comprend\u00edamos por qu\u00e9 aquel hombre de talla menuda y escaso peso respond\u00eda al apodo de \u2018Quincelibras\u2019. En Trujillo tuve un profesor de Dibujo, don \u00c1ngel Medina, que en un ejercicio de ingenio improvisado pasaba lista el primer d\u00eda de clase para asignar inmediatamente los apodos. Pregunt\u00f3 por mi nombre y en cuanto se lo dije contest\u00f3: \u2018Juan Festivo\u2019. \u00c9l tampoco se libr\u00f3: un colega le impuso como mote \u2018El Bautista\u2019. <\/p>\n<p>En la revista del Ateneo de C\u00e1ceres Juli\u00e1n D\u00edaz Lucio public\u00f3 un delicioso estudio sobre los motes en un pueblo de la Sierra de Gata, Cadalso, que es toda una antolog\u00eda. Ah\u00ed nos enteramos que hab\u00eda un t\u00edo \u2018Miracielo\u2019, por tener un defecto en el cuello y mirar siempre hacia arriba; Prudencio \u2018Chinche\u2019, por el mal genio que le caracterizaba;_un t\u00edo \u2018Silbato\u2019, por llamarse Silvino, una Precilia \u2018La chochera\u2019, porque vend\u00eda altramuces por las calles o don Antonio \u2018Sabest\u00fa\u2019, por la muletilla que usaba al hablar&#8230; <\/p>\n<p>Habr\u00e1 quien piense que esta vieja costumbre de los motes se ha perdido con el tiempo. No es verdad. \u00bfQu\u00e9 otra cosa son los \u2018nick\u2019 que se utilizan en Internet? Con la particularidad de que en vez de apodos impuestos son distintivos, marcas, que elegimos. Como autobautistas.<\/strong><\/p>\n<!-- AddThis Advanced Settings generic via filter on the_content --><!-- AddThis Share Buttons generic via filter on the_content -->","protected":false},"excerpt":{"rendered":"<p>Durante siglos la intrahistoria de los pueblos espa\u00f1oles podr\u00eda reconstruirse a trav\u00e9s de sus motes y apodos. Rara es la aldea, villa o ciudad donde no se recuerden varias docenas de sobrenombres relativos a oficios, defectos f\u00edsicos o particularidades dignas de recuerdo. Los lectores de \u2018El camino\u2019, de Miguel Delibes, seguro que no se olvidan [&hellip;]<!-- AddThis Advanced Settings generic via filter on get_the_excerpt --><!-- AddThis Share Buttons generic via filter on get_the_excerpt --><\/p>\n","protected":false},"author":13,"featured_media":0,"comment_status":"open","ping_status":"closed","sticky":false,"template":"","format":"standard","meta":[],"categories":[1],"tags":[318,596,877,911],"_links":{"self":[{"href":"https:\/\/blogs.hoy.es\/Juandomingofernandez\/wp-json\/wp\/v2\/posts\/149"}],"collection":[{"href":"https:\/\/blogs.hoy.es\/Juandomingofernandez\/wp-json\/wp\/v2\/posts"}],"about":[{"href":"https:\/\/blogs.hoy.es\/Juandomingofernandez\/wp-json\/wp\/v2\/types\/post"}],"author":[{"embeddable":true,"href":"https:\/\/blogs.hoy.es\/Juandomingofernandez\/wp-json\/wp\/v2\/users\/13"}],"replies":[{"embeddable":true,"href":"https:\/\/blogs.hoy.es\/Juandomingofernandez\/wp-json\/wp\/v2\/comments?post=149"}],"version-history":[{"count":0,"href":"https:\/\/blogs.hoy.es\/Juandomingofernandez\/wp-json\/wp\/v2\/posts\/149\/revisions"}],"wp:attachment":[{"href":"https:\/\/blogs.hoy.es\/Juandomingofernandez\/wp-json\/wp\/v2\/media?parent=149"}],"wp:term":[{"taxonomy":"category","embeddable":true,"href":"https:\/\/blogs.hoy.es\/Juandomingofernandez\/wp-json\/wp\/v2\/categories?post=149"},{"taxonomy":"post_tag","embeddable":true,"href":"https:\/\/blogs.hoy.es\/Juandomingofernandez\/wp-json\/wp\/v2\/tags?post=149"}],"curies":[{"name":"wp","href":"https:\/\/api.w.org\/{rel}","templated":true}]}}