{"id":15,"date":"2005-12-16T10:49:38","date_gmt":"2005-12-16T10:49:38","guid":{"rendered":"http:\/\/blogs.hoy.es\/Juandomingofernandez\/?p=15"},"modified":"2005-12-16T10:49:38","modified_gmt":"2005-12-16T10:49:38","slug":"figuroneo","status":"publish","type":"post","link":"https:\/\/blogs.hoy.es\/Juandomingofernandez\/2005\/12\/16\/figuroneo\/","title":{"rendered":"Figuroneo"},"content":{"rendered":"<p>La primera vez que o\u00ed la palabra &#8216;figuroneo&#8217; fue al fot\u00f3grafo Ceferino L\u00f3pez, uno de los pocos artistas de la imagen al que he visto usar c\u00e1maras Leica para sus trabajos de prensa y uno de los primeros fot\u00f3grafos extreme\u00f1os que aplicaron la inform\u00e1tica para indagar en los arcanos de la imagen. Pero bueno, ya hablar\u00e9 otro d\u00eda de Ceferino, ahora lo que intentaba es hablar del &#8216;figuroneo&#8217;, una anomal\u00eda contempor\u00e1nea cuyos principales rasgos dibujar\u00e1n los soci\u00f3logos antes que los acad\u00e9micos, pues la palabra creo que no aparece a\u00fan en los diccionarios de uso, aunque la he le\u00eddo en textos de escritores andaluces e iberoamericanos.<br \/>\nHijo directo del &#8216;figurear&#8217; ?seg\u00fan el Diccionario de la Real Academia (DRAE) \u00abtratar de representar el papel de protagonista o el de una de las personas m\u00e1s importantes\u00bb?  y primo hermano de &#8216;figur\u00f3n&#8217;,  ?seg\u00fan el DRAE \u00abhombre fant\u00e1stico y entonado que aparenta m\u00e1s de lo que es\u00bb?, la palabra figuroneo vendr\u00eda a ser algo as\u00ed como acci\u00f3n o ejercicio de figuronear, un verbo que conjugan a la perfecci\u00f3n algunos pol\u00edticos (o sus adl\u00e1tares) en tiempo de campa\u00f1a electoral o en cualquier acto con repercusi\u00f3n p\u00fablica.<br \/>\n\u00bfC\u00f3mo descubrirlos? Los fot\u00f3grafos de prensa les tienen calados. Los campeones del figuroneo son esos personajes capaces de empujar a las ancianitas o a los ni\u00f1os para abrirse un hueco a codazos y salir en la foto; aunque los m\u00e1s peligrosos son los que yo llamo &#8216;intuitivos&#8217; del figuroneo, esos que programan su estrategia de presunci\u00f3n, apariencia y &#8216;fantasmeo&#8217; con la misma naturalidad con la que un borracho se pimpla el primer cubata. Amigos de aparentar, de enga\u00f1ar, de insinuar, de sonre\u00edr falsamente, los plusmarquistas del figuroneo intentan ser el ni\u00f1o en el bautizo, el novio en la boda, el muerto en el entierro y, por estas fechas, miren con atenci\u00f3n en el portal de Bel\u00e9n pues igual se los encuentran haci\u00e9ndose pasar por los Reyes Magos.  <\/p>\n<!-- AddThis Advanced Settings generic via filter on the_content --><!-- AddThis Share Buttons generic via filter on the_content -->","protected":false},"excerpt":{"rendered":"<p>La primera vez que o\u00ed la palabra &#8216;figuroneo&#8217; fue al fot\u00f3grafo Ceferino L\u00f3pez, uno de los pocos artistas de la imagen al que he visto usar c\u00e1maras Leica para sus trabajos de prensa y uno de los primeros fot\u00f3grafos extreme\u00f1os que aplicaron la inform\u00e1tica para indagar en los arcanos de la imagen. Pero bueno, ya [&hellip;]<!-- AddThis Advanced Settings generic via filter on get_the_excerpt --><!-- AddThis Share Buttons generic via filter on get_the_excerpt --><\/p>\n","protected":false},"author":13,"featured_media":0,"comment_status":"open","ping_status":"closed","sticky":false,"template":"","format":"standard","meta":[],"categories":[2],"tags":[],"_links":{"self":[{"href":"https:\/\/blogs.hoy.es\/Juandomingofernandez\/wp-json\/wp\/v2\/posts\/15"}],"collection":[{"href":"https:\/\/blogs.hoy.es\/Juandomingofernandez\/wp-json\/wp\/v2\/posts"}],"about":[{"href":"https:\/\/blogs.hoy.es\/Juandomingofernandez\/wp-json\/wp\/v2\/types\/post"}],"author":[{"embeddable":true,"href":"https:\/\/blogs.hoy.es\/Juandomingofernandez\/wp-json\/wp\/v2\/users\/13"}],"replies":[{"embeddable":true,"href":"https:\/\/blogs.hoy.es\/Juandomingofernandez\/wp-json\/wp\/v2\/comments?post=15"}],"version-history":[{"count":0,"href":"https:\/\/blogs.hoy.es\/Juandomingofernandez\/wp-json\/wp\/v2\/posts\/15\/revisions"}],"wp:attachment":[{"href":"https:\/\/blogs.hoy.es\/Juandomingofernandez\/wp-json\/wp\/v2\/media?parent=15"}],"wp:term":[{"taxonomy":"category","embeddable":true,"href":"https:\/\/blogs.hoy.es\/Juandomingofernandez\/wp-json\/wp\/v2\/categories?post=15"},{"taxonomy":"post_tag","embeddable":true,"href":"https:\/\/blogs.hoy.es\/Juandomingofernandez\/wp-json\/wp\/v2\/tags?post=15"}],"curies":[{"name":"wp","href":"https:\/\/api.w.org\/{rel}","templated":true}]}}