{"id":150,"date":"2009-07-27T14:06:00","date_gmt":"2009-07-27T14:06:00","guid":{"rendered":"http:\/\/blogs.hoy.es\/Juandomingofernandez\/?p=150"},"modified":"2009-07-27T14:06:00","modified_gmt":"2009-07-27T14:06:00","slug":"el-buey-y-golondrinos","status":"publish","type":"post","link":"https:\/\/blogs.hoy.es\/Juandomingofernandez\/2009\/07\/27\/el-buey-y-golondrinos\/","title":{"rendered":"El buey y los golondrinos"},"content":{"rendered":"<p>Uno de los encantos del verano es el regreso a las ra\u00edces de aquellos a los que la emigraci\u00f3n arranc\u00f3 de sus pueblos. Rara es la localidad extreme\u00f1a que durante los meses de est\u00edo no incrementa considerablemente su poblaci\u00f3n. Casas que han permanecido cerradas el resto del a\u00f1o se iluminan ahora con la presencia de sus antiguos moradores, a veces turn\u00e1ndose los descendientes de tercera o cuarta generaci\u00f3n y encontrando hueco hospitalario para que donde caben tres quepan cuatro. O_cinco. O seis. O_muchos m\u00e1s. Calles que durante el invierno sufren la soledad inh\u00f3spita se vuelven bulliciosas estos d\u00edas de julio y agosto, con mezcla de acentos que denotan el lugar al que emigraron sus viejos vecinos. <\/p>\n<p>Es tiempo de tertulias, de reencuentros, de paseos por caminos polvorientos que la nostalgia restaura con el esplendor de ayer. D\u00edas en que la pregunta: \u00ab\u00bfY_t\u00fa de qui\u00e9n eres?\u00bb nunca suena a impertinencia o a curiosidad entrometida. <\/p>\n<p>Por eso cada vez se prodigan m\u00e1s los libros de historia y costumbres locales en la regi\u00f3n. Confieso que a m\u00ed, que tuve el privilegio de vivir los a\u00f1os de la infancia en Ibahernando, un pueblo de la comarca de Trujillo, me encantan esos vol\u00famenes donde convive el saber popular con el folclore, los oficios, la gastronom\u00eda, las referencias a personajes conocidos, las an\u00e9cdotas comunes, los giros sint\u00e1cticos o las notas antropol\u00f3gicas sin ganga academicista. Uno de esos libros con los que me deleito en verano es \u2018Mira que te diga\u2019, subtitulado \u2018Del habla, las cosas y las gentes de Valdefuentes\u2019, que firman Jos\u00e9 M. Rubio Merino y Jos\u00e9 A. P\u00e9rez Rubio. Muchas de sus referencias son estrictamente locales, pero otras exceden la particularidad comarcana y resultan familiares para quienes han vivido hace a\u00f1os en pueblos peque\u00f1os. <\/p>\n<p>A veces la sorpresa y la risa te asaltan tras una expresi\u00f3n nunca escuchada pero bien gr\u00e1fica y f\u00e1cil de comprender. Por ejemplo:_\u00abMea m\u00e1s un buey que cien golondrinos\u00bb, que es, seg\u00fan los autores valdefuente\u00f1os \u00abuna forma soberbia de expresar la profesionalidad\u00bb, equivalente a decir: \u00ab\u00a1No ten\u00e9is ni idea, aqu\u00ed est\u00e1 el que sabe, dejadle hacer!\u00bb Algo que en otros pueblos se resumir\u00eda con la pregunta: \u00ab\u00bfDesde cu\u00e1ndo ense\u00f1an los pollos a los recoveros?\u00bb <\/p>\n<p>\u00a1Ah, los recuerdos!<\/p>\n<!-- AddThis Advanced Settings generic via filter on the_content --><!-- AddThis Share Buttons generic via filter on the_content -->","protected":false},"excerpt":{"rendered":"<p>Uno de los encantos del verano es el regreso a las ra\u00edces de aquellos a los que la emigraci\u00f3n arranc\u00f3 de sus pueblos. Rara es la localidad extreme\u00f1a que durante los meses de est\u00edo no incrementa considerablemente su poblaci\u00f3n. Casas que han permanecido cerradas el resto del a\u00f1o se iluminan ahora con la presencia de [&hellip;]<!-- AddThis Advanced Settings generic via filter on get_the_excerpt --><!-- AddThis Share Buttons generic via filter on get_the_excerpt --><\/p>\n","protected":false},"author":13,"featured_media":0,"comment_status":"open","ping_status":"closed","sticky":false,"template":"","format":"standard","meta":[],"categories":[1],"tags":[],"_links":{"self":[{"href":"https:\/\/blogs.hoy.es\/Juandomingofernandez\/wp-json\/wp\/v2\/posts\/150"}],"collection":[{"href":"https:\/\/blogs.hoy.es\/Juandomingofernandez\/wp-json\/wp\/v2\/posts"}],"about":[{"href":"https:\/\/blogs.hoy.es\/Juandomingofernandez\/wp-json\/wp\/v2\/types\/post"}],"author":[{"embeddable":true,"href":"https:\/\/blogs.hoy.es\/Juandomingofernandez\/wp-json\/wp\/v2\/users\/13"}],"replies":[{"embeddable":true,"href":"https:\/\/blogs.hoy.es\/Juandomingofernandez\/wp-json\/wp\/v2\/comments?post=150"}],"version-history":[{"count":0,"href":"https:\/\/blogs.hoy.es\/Juandomingofernandez\/wp-json\/wp\/v2\/posts\/150\/revisions"}],"wp:attachment":[{"href":"https:\/\/blogs.hoy.es\/Juandomingofernandez\/wp-json\/wp\/v2\/media?parent=150"}],"wp:term":[{"taxonomy":"category","embeddable":true,"href":"https:\/\/blogs.hoy.es\/Juandomingofernandez\/wp-json\/wp\/v2\/categories?post=150"},{"taxonomy":"post_tag","embeddable":true,"href":"https:\/\/blogs.hoy.es\/Juandomingofernandez\/wp-json\/wp\/v2\/tags?post=150"}],"curies":[{"name":"wp","href":"https:\/\/api.w.org\/{rel}","templated":true}]}}