{"id":151,"date":"2009-07-29T10:43:00","date_gmt":"2009-07-29T10:43:00","guid":{"rendered":"http:\/\/blogs.hoy.es\/Juandomingofernandez\/?p=151"},"modified":"2009-07-29T10:43:00","modified_gmt":"2009-07-29T10:43:00","slug":"avisar-a","status":"publish","type":"post","link":"https:\/\/blogs.hoy.es\/Juandomingofernandez\/2009\/07\/29\/avisar-a\/","title":{"rendered":"&#039;Avisar a&#039;"},"content":{"rendered":"<p> Las malas noticias corren deprisa. A pesar de ello, el Ministerio del Interior y Cruz Roja conf\u00edan m\u00e1s en el orden, en la sistematizaci\u00f3n, que en el azar. Por eso han emprendido una campa\u00f1a para que los usuarios de m\u00f3viles, \u2013supongo que a estas alturas, el com\u00fan de los mortales\u2013 grabemos en el primer lugar de nuestra agenda de direcciones las letras \u2018Aa\u2019 y el n\u00famero de tel\u00e9fono de la persona a la que los servicios de urgencia tienen que avisar primero en caso de accidente.<\/p>\n<p>Con esta idea de \u00abAvisar a\u00bb (\u2019Aa\u2019), que al ministro de Interior, P\u00e9rez Rubalcaba, le parece \u00abbuen\u00edsima\u00bb, f\u00e1cil de adoptar y \u00abextremadamente \u00fatil\u00bb, se consigue ganar tiempo para que la v\u00edctima de un accidente, el enfermo o quien se encuentre en situaciones de urgencia pueda contar con \u00abuna cara amiga cerca y enseguida\u00bb que ayudar\u00e1 tambi\u00e9n a tranquilizarle. El plantel de potenciales beneficiados parece amplio. Seg\u00fan la Cruz Roja, durante el a\u00f1o 2007, m\u00e1s de tres millones de personas sufrieron en Espa\u00f1a alg\u00fan tipo de emergencia (accidentes dom\u00e9sticos o en tiempo libre, laborales y de circulaci\u00f3n). <\/p>\n<p>Hasta ah\u00ed todo correcto. Pero yo creo que el problema se plantear\u00e1 en el momento de seleccionar el n\u00famero para la campa\u00f1a. \u00bfA qui\u00e9n inclir, al padre o a la madre? \u00bfAl esposo o a la esposa? \u00bfAl hijo mayor o al peque\u00f1o? \u00bfA la persona supuestamente m\u00e1s tranquila o a la que se le supone mayor capacidad de reacci\u00f3n? \u00bfA la primera pareja o a la actual? \u00bfA quien conduce o a quien a\u00fan no tiene carnet? \u00bfA quien sabemos que siempre lleva activado el m\u00f3vil o a quien habitualmente se le olvida encenderlo o ponerlo a cargar? \u00bfY_que pasa con los solitarios? Madre m\u00eda, qu\u00e9 desasosiego. \u00bfAdmite el sistema m\u00e1s de un suplente, como la plantilla del Real Madrid?<\/p>\n<p> Durante las pasadas ferias y fiestas de C\u00e1ceres, muchos de los ni\u00f1os peque\u00f1os que se montaban en las atracciones llevaban escrito en el brazo o en la mano el n\u00famero del m\u00f3vil de sus padres, por si se perd\u00edan o sufr\u00edan alg\u00fan percance. Supongo que as\u00ed se anticipaban a la campa\u00f1a \u2018Avisar a\u2019. Resulta curioso. Durante a\u00f1os el hombre se ha lamentado de que la sociedad moderna le reduc\u00eda a  simple n\u00famero: el del DNI o el de la Seguridad Social. Pues va a ser que no. Lo que cuenta es el n\u00famero del infortunio, la \u2018pole position\u2019 de las malas noticias. No somos nadie.<\/p>\n<!-- AddThis Advanced Settings generic via filter on the_content --><!-- AddThis Share Buttons generic via filter on the_content -->","protected":false},"excerpt":{"rendered":"<p>Las malas noticias corren deprisa. A pesar de ello, el Ministerio del Interior y Cruz Roja conf\u00edan m\u00e1s en el orden, en la sistematizaci\u00f3n, que en el azar. Por eso han emprendido una campa\u00f1a para que los usuarios de m\u00f3viles, \u2013supongo que a estas alturas, el com\u00fan de los mortales\u2013 grabemos en el primer lugar [&hellip;]<!-- AddThis Advanced Settings generic via filter on get_the_excerpt --><!-- AddThis Share Buttons generic via filter on get_the_excerpt --><\/p>\n","protected":false},"author":13,"featured_media":0,"comment_status":"open","ping_status":"closed","sticky":false,"template":"","format":"standard","meta":[],"categories":[1],"tags":[],"_links":{"self":[{"href":"https:\/\/blogs.hoy.es\/Juandomingofernandez\/wp-json\/wp\/v2\/posts\/151"}],"collection":[{"href":"https:\/\/blogs.hoy.es\/Juandomingofernandez\/wp-json\/wp\/v2\/posts"}],"about":[{"href":"https:\/\/blogs.hoy.es\/Juandomingofernandez\/wp-json\/wp\/v2\/types\/post"}],"author":[{"embeddable":true,"href":"https:\/\/blogs.hoy.es\/Juandomingofernandez\/wp-json\/wp\/v2\/users\/13"}],"replies":[{"embeddable":true,"href":"https:\/\/blogs.hoy.es\/Juandomingofernandez\/wp-json\/wp\/v2\/comments?post=151"}],"version-history":[{"count":0,"href":"https:\/\/blogs.hoy.es\/Juandomingofernandez\/wp-json\/wp\/v2\/posts\/151\/revisions"}],"wp:attachment":[{"href":"https:\/\/blogs.hoy.es\/Juandomingofernandez\/wp-json\/wp\/v2\/media?parent=151"}],"wp:term":[{"taxonomy":"category","embeddable":true,"href":"https:\/\/blogs.hoy.es\/Juandomingofernandez\/wp-json\/wp\/v2\/categories?post=151"},{"taxonomy":"post_tag","embeddable":true,"href":"https:\/\/blogs.hoy.es\/Juandomingofernandez\/wp-json\/wp\/v2\/tags?post=151"}],"curies":[{"name":"wp","href":"https:\/\/api.w.org\/{rel}","templated":true}]}}