{"id":157,"date":"2009-10-01T22:22:00","date_gmt":"2009-10-01T22:22:00","guid":{"rendered":"http:\/\/blogs.hoy.es\/Juandomingofernandez\/?p=157"},"modified":"2009-10-01T22:22:00","modified_gmt":"2009-10-01T22:22:00","slug":"robe-iniesta","status":"publish","type":"post","link":"https:\/\/blogs.hoy.es\/Juandomingofernandez\/2009\/10\/01\/robe-iniesta\/","title":{"rendered":"Robe Iniesta"},"content":{"rendered":"<p>Un d\u00eda, creyendo que me convertir\u00eda a sus ojos en un aut\u00e9ntico Rey Mago, le regal\u00e9 a mi hijo un aut\u00f3grafo que le hab\u00eda dedicado Fabio Capello. Madridista convencido, no esperaba que se excediera en alharacas y agradecimientos, pero me sorprendi\u00f3 su reacci\u00f3n: se guard\u00f3 el papel y en vez de preguntarme detalles acerca del entonces m\u00edster del Real Madrid, se apresur\u00f3 a preguntar:<br \/>\n\u2013&#8230;\u00bfPero cu\u00e1ndo le vas a hacer una entrevista a Robe Iniesta? \u00bfTe podr\u00e9 acompa\u00f1ar?<br \/>\nMi hijo es de los que han disfrutado con la noticia de la que ayer se hicieron eco todos los peri\u00f3dicos: el l\u00edder de Extremoduro, Robe Iniesta, acaba de publicar su novela, \u2018El viaje \u00edntimo de la locura\u2019 en la editorial El Hombre del Saco.<br \/>\nPienso regal\u00e1rsela para que  deje de darme la vara con Manolo Chinato o con qui\u00e9nes se agazapan detr\u00e1s de \u2018Evaristo\u2019, \u00abel rey de la baraja\u00bb y de \u2018Jesucristo Garc\u00eda\u2019, uno de los \u00e9xitos del placentino. <\/p>\n<p>No me sorprende que Robe  (que es poeta hasta cuando est\u00e1 en silencio) se adentre por los territorios de la prosa. Ni que previamente haya recurrido a un cursillo de gram\u00e1tica y ortograf\u00eda para afrontar esta nueva tarea. Lo que no acaba de entrarme en la cabeza es que en un pa\u00eds donde se publican cada a\u00f1o alrededor de cien mil libros, un autor como \u00e9l haya encontrado dificultades para sacar su primera novela y comente, refunfu\u00f1ando, que las editoriales \u00abson peores\u00bb que las discogr\u00e1ficas.<\/p>\n<p>Contaba Garc\u00eda M\u00e1rquez que tras el \u00e9xito de \u2018Cien a\u00f1os de soledad\u2019 no le preocupaba c\u00f3mo iba a venderse su siguiente novela, pues cre\u00eda que la inercia del triunfo har\u00eda que se repitieran, fuera cual fuera su calidad, los buenos resultados. Lo que le inquietaba de verdad era la tercera, no la segunda. <\/p>\n<p>En el caso de Robe Iniesta me parece que no se dan las mismas circunstancias, ni es aplicable id\u00e9ntica din\u00e1mica. Estoy convencido de que \u2018El viaje \u00edntimo de la locura\u2019 arrasar\u00e1 entre sus miles de seguidores porque el reclamo de su poes\u00eda y de su m\u00fasica actuar\u00e1n, m\u00e1s que cualquier campa\u00f1a de promoci\u00f3n, como potente im\u00e1n. Por otra parte, demuestra estar prevenido contra el mundo editorial, al que compara de forma tan desfavorable con el de las discogr\u00e1ficas. Y lo mejor. Tampoco se hace ilusiones: \u00abMe la suda si vende mucho o no, s\u00f3lo quiero que a la gente le guste\u00bb.<br \/>\nYa le preguntar\u00e9 a mi hijo.  <\/p>\n<!-- AddThis Advanced Settings generic via filter on the_content --><!-- AddThis Share Buttons generic via filter on the_content -->","protected":false},"excerpt":{"rendered":"<p>Un d\u00eda, creyendo que me convertir\u00eda a sus ojos en un aut\u00e9ntico Rey Mago, le regal\u00e9 a mi hijo un aut\u00f3grafo que le hab\u00eda dedicado Fabio Capello. Madridista convencido, no esperaba que se excediera en alharacas y agradecimientos, pero me sorprendi\u00f3 su reacci\u00f3n: se guard\u00f3 el papel y en vez de preguntarme detalles acerca del [&hellip;]<!-- AddThis Advanced Settings generic via filter on get_the_excerpt --><!-- AddThis Share Buttons generic via filter on get_the_excerpt --><\/p>\n","protected":false},"author":13,"featured_media":0,"comment_status":"open","ping_status":"closed","sticky":false,"template":"","format":"standard","meta":[],"categories":[1],"tags":[458,919,1014],"_links":{"self":[{"href":"https:\/\/blogs.hoy.es\/Juandomingofernandez\/wp-json\/wp\/v2\/posts\/157"}],"collection":[{"href":"https:\/\/blogs.hoy.es\/Juandomingofernandez\/wp-json\/wp\/v2\/posts"}],"about":[{"href":"https:\/\/blogs.hoy.es\/Juandomingofernandez\/wp-json\/wp\/v2\/types\/post"}],"author":[{"embeddable":true,"href":"https:\/\/blogs.hoy.es\/Juandomingofernandez\/wp-json\/wp\/v2\/users\/13"}],"replies":[{"embeddable":true,"href":"https:\/\/blogs.hoy.es\/Juandomingofernandez\/wp-json\/wp\/v2\/comments?post=157"}],"version-history":[{"count":0,"href":"https:\/\/blogs.hoy.es\/Juandomingofernandez\/wp-json\/wp\/v2\/posts\/157\/revisions"}],"wp:attachment":[{"href":"https:\/\/blogs.hoy.es\/Juandomingofernandez\/wp-json\/wp\/v2\/media?parent=157"}],"wp:term":[{"taxonomy":"category","embeddable":true,"href":"https:\/\/blogs.hoy.es\/Juandomingofernandez\/wp-json\/wp\/v2\/categories?post=157"},{"taxonomy":"post_tag","embeddable":true,"href":"https:\/\/blogs.hoy.es\/Juandomingofernandez\/wp-json\/wp\/v2\/tags?post=157"}],"curies":[{"name":"wp","href":"https:\/\/api.w.org\/{rel}","templated":true}]}}