{"id":158,"date":"2009-10-08T22:23:00","date_gmt":"2009-10-08T22:23:00","guid":{"rendered":"http:\/\/blogs.hoy.es\/Juandomingofernandez\/?p=158"},"modified":"2009-10-08T22:23:00","modified_gmt":"2009-10-08T22:23:00","slug":"retahilas","status":"publish","type":"post","link":"https:\/\/blogs.hoy.es\/Juandomingofernandez\/2009\/10\/08\/retahilas\/","title":{"rendered":"Retah\u00edlas"},"content":{"rendered":"<p><big>Entro en una cafeter\u00eda y todas las conversaciones giran en torno a dos temas: la escasa agua ca\u00edda y el caso G\u00fcrtel. Nunca llueve a gusto de todos. La impresi\u00f3n general sobre la lluvia, que en C\u00e1ceres ha sido escasa, se resume con la misma frase que sol\u00eda utilizar Rafael Valiente, el que fue muchos a\u00f1os responsable del abastecimiento a la ciudad, cuando los periodistas le preguntaban por lo que hab\u00edan representado las \u00faltimas precipitaciones en el embalse del Guadiloba: \u00abApenas nada. Meada de gato\u00bb. <\/p>\n<p>El caso G\u00fcrtel es m\u00e1s poli\u00e9drico. \u00abDe aqu\u00ed a unos meses, de este asunto no habla ni el Tato\u00bb, comenta mi vecino de barra mientras se zampa un desayuno con migas. \u00ab\u00bfQui\u00e9n se acuerda de Naseiro o de Filesa? \u00bfCu\u00e1ntos a\u00f1os lleva Fabra y no cambia ni de gafas? \u00bfQui\u00e9n se acuerda de Juan Guerra y sus cafelitos?\u00bb Mi vecino de barra no obtiene respuestas a sus preguntas y yo creo que eso le anima a seguir. \u00abAlfonso Guerra dimiti\u00f3 como vicepresidente pero en las siguientes elecciones qued\u00f3 el n\u00famero uno en Sevilla y sac\u00f3 m\u00e1s votos que nadie\u00bb. \u00ab\u00bfNo conoc\u00eda todo el mundo los enjuagues de Gil en Marbella y segu\u00eda arrasando en las urnas? \u00bfQu\u00e9 dec\u00eds a eso?\u00bb. <\/p>\n<p>\u00abCon esto del caso G\u00fcrtel va a pasar lo mismo que con el espionaje, estilo Mortadelo, en la comunidad de Madrid o con los tr\u00e1nsfugas aquellos, \u00bfcomo se llamaban? \u00bfTamayo y S\u00e1ez? Ya no se acuerda de ellos ni la madre que los pari\u00f3\u00bb. <\/p>\n<p>\u00abSomos de memoria corta. Y si no est\u00e1is convencidos, ah\u00ed ten\u00e9is a Berlusconi. A Felipe Gonz\u00e1lez no le desalojaron del Gobierno ni esc\u00e1ndalos como el de Mariano Rubio ni el de Rold\u00e1n. Le tumb\u00f3 la situaci\u00f3n econ\u00f3mica. \u00bfY qui\u00e9n se acuerda ahora de Rold\u00e1n o de Mariano Rubio?\u00bb <\/p>\n<p>Lleva el plato de migas a la mitad. Y no para. \u00abLo que me jode del caso G\u00fcrtel\u00bb, proclama con la cuchara en la mano, \u00abes que todos estos granujas parecen ejecutivos de \u00faltima ola, con mucha ingenier\u00eda financiera, muchas empresas interpuestas, muchos para\u00edsos fiscales y trajes a medida pero son unos gualdrapas del carajo. Que si \u2018amiguito del alma\u2019, que si el \u2018albondiguilla\u2019, el \u2018bigotes\u2019 o \u2018ll\u00e1mame don Vito\u2019. P\u00edcaros de tres al cuarto\u00bb. Apuro mi caf\u00e9 y el de las migas sigue con su perorata. Afuera ha empezado a llover, pero tengo que marcharme. A\u00fan me da tiempo a o\u00edr sus pen\u00faltimas palabras: \u00abEsto lo arreglaba yo en dos minutos\u00bb. <\/big><\/p>\n<!-- AddThis Advanced Settings generic via filter on the_content --><!-- AddThis Share Buttons generic via filter on the_content -->","protected":false},"excerpt":{"rendered":"<p>Entro en una cafeter\u00eda y todas las conversaciones giran en torno a dos temas: la escasa agua ca\u00edda y el caso G\u00fcrtel. Nunca llueve a gusto de todos. La impresi\u00f3n general sobre la lluvia, que en C\u00e1ceres ha sido escasa, se resume con la misma frase que sol\u00eda utilizar Rafael Valiente, el que fue muchos [&hellip;]<!-- AddThis Advanced Settings generic via filter on get_the_excerpt --><!-- AddThis Share Buttons generic via filter on get_the_excerpt --><\/p>\n","protected":false},"author":13,"featured_media":0,"comment_status":"open","ping_status":"closed","sticky":false,"template":"","format":"standard","meta":[],"categories":[1],"tags":[287,413,829],"_links":{"self":[{"href":"https:\/\/blogs.hoy.es\/Juandomingofernandez\/wp-json\/wp\/v2\/posts\/158"}],"collection":[{"href":"https:\/\/blogs.hoy.es\/Juandomingofernandez\/wp-json\/wp\/v2\/posts"}],"about":[{"href":"https:\/\/blogs.hoy.es\/Juandomingofernandez\/wp-json\/wp\/v2\/types\/post"}],"author":[{"embeddable":true,"href":"https:\/\/blogs.hoy.es\/Juandomingofernandez\/wp-json\/wp\/v2\/users\/13"}],"replies":[{"embeddable":true,"href":"https:\/\/blogs.hoy.es\/Juandomingofernandez\/wp-json\/wp\/v2\/comments?post=158"}],"version-history":[{"count":0,"href":"https:\/\/blogs.hoy.es\/Juandomingofernandez\/wp-json\/wp\/v2\/posts\/158\/revisions"}],"wp:attachment":[{"href":"https:\/\/blogs.hoy.es\/Juandomingofernandez\/wp-json\/wp\/v2\/media?parent=158"}],"wp:term":[{"taxonomy":"category","embeddable":true,"href":"https:\/\/blogs.hoy.es\/Juandomingofernandez\/wp-json\/wp\/v2\/categories?post=158"},{"taxonomy":"post_tag","embeddable":true,"href":"https:\/\/blogs.hoy.es\/Juandomingofernandez\/wp-json\/wp\/v2\/tags?post=158"}],"curies":[{"name":"wp","href":"https:\/\/api.w.org\/{rel}","templated":true}]}}