{"id":163,"date":"2009-11-12T22:55:00","date_gmt":"2009-11-12T22:55:00","guid":{"rendered":"http:\/\/blogs.hoy.es\/Juandomingofernandez\/?p=163"},"modified":"2009-11-12T22:55:00","modified_gmt":"2009-11-12T22:55:00","slug":"de-edad","status":"publish","type":"post","link":"https:\/\/blogs.hoy.es\/Juandomingofernandez\/2009\/11\/12\/de-edad\/","title":{"rendered":"De la edad"},"content":{"rendered":"<p><big>La primera vez que una persona m\u00e1s joven que yo me llam\u00f3 de usted, yo no hab\u00eda cumplido a\u00fan los veinte a\u00f1os. Aquel tratamiento, que ahora hubiera consolado al ministro de Educaci\u00f3n, pes\u00f3 en la moral de mi DNI como una losa. En ese instante envejec\u00ed una eternidad. \u00abMalo\u00bb, me dije, \u00abcuando los que t\u00fa crees m\u00e1s peque\u00f1os o de edad similar se dirigen a ti como un adulto\u00bb. Aquel \u00abusted\u00bb marc\u00f3 el abismo tras el que se precipita la juventud. Como una piedra Roseta sentimental, comenc\u00e9 a interpretar con otros ojos frases que hasta entonces no me parec\u00eda que iban conmigo: \u00abEn la infancia se vive, luego s\u00f3lo se sobrevive\u00bb. \u00abLibertad para mi padre (cuarenta a\u00f1os en una f\u00e1brica)\u00bb. <\/p>\n<p>En 1997, a sus 87 a\u00f1os de edad, Norberto Bobbio era el pensador vivo m\u00e1s importante de Italia y acababa de publicar \u2018De Senectute\u2019, un libro que tomaba el t\u00edtulo prestado del di\u00e1logo filos\u00f3fico que escribi\u00f3 Cicer\u00f3n en el a\u00f1o 44 antes de Cristo. En una entrevista que le hizo Pedro Corral en Roma para \u2018Abc\u2019, el intelectual italiano se quejaba de que \u00abel viejo ha dejado de ser la quintaesencia del saber para convertirse en un marginado social\u00bb. En esa obra, calificada por Corral como el testamento del intelectual y del hombre, Bobbio lanza un \u00abrotundo alegato contra la marginaci\u00f3n del anciano en nuestra sociedad y su manipulaci\u00f3n a manos de la ret\u00f3rica consumista\u00bb. Esa ret\u00f3rica que ha querido convencernos \u2013empujada por el mercado\u2013 de que \u00ablo viejo es bello\u00bb como compensaci\u00f3n a que ya nadie percibe al viejo como el depositario del patrimonio cultural o como la persona sabia y virtuosa. <\/p>\n<p>No hace mucho tiempo entrevist\u00e9 al doctor Jos\u00e9 Manuel Cabezudo, jefe del Servicio de Neurocirug\u00eda del \u2018Infanta Cristina\u2019 y cuando le pregunt\u00e9 por sus retos m\u00e1s inmediatos me mir\u00f3 con sorpresa y dijo sin dudar: \u00abJubilarme. Ya soy un poco mayor. Yo creo que la jubilaci\u00f3n es comprar tiempo. Jubilarse de enfermo es mala cosa, mala cosa\u00bb. Se me qued\u00f3 grabada la respuesta. El martes, este diario informaba sobre un estudio que desmiente que los trabajadores se depriman al retirarse. Ocurre todo lo contrario. La jubilaci\u00f3n rejuvenece entre ocho y diez a\u00f1os. <\/p>\n<p>A m\u00ed, que todav\u00eda me faltan etapas en esa carrera, me consuelan varias cosas: a\u00fan no he le\u00eddo el libro de Bobbio; la capacidad es familia directa de la cronolog\u00eda, pero no hermana melliza \u2013que se lo pregunten a Alberto Oliart\u2013 y, al cabo, todav\u00eda son muchos m\u00e1s a los que tuteo que a los que llamo de usted.<\/big><\/p>\n<!-- AddThis Advanced Settings generic via filter on the_content --><!-- AddThis Share Buttons generic via filter on the_content -->","protected":false},"excerpt":{"rendered":"<p>La primera vez que una persona m\u00e1s joven que yo me llam\u00f3 de usted, yo no hab\u00eda cumplido a\u00fan los veinte a\u00f1os. Aquel tratamiento, que ahora hubiera consolado al ministro de Educaci\u00f3n, pes\u00f3 en la moral de mi DNI como una losa. En ese instante envejec\u00ed una eternidad. \u00abMalo\u00bb, me dije, \u00abcuando los que t\u00fa [&hellip;]<!-- AddThis Advanced Settings generic via filter on get_the_excerpt --><!-- AddThis Share Buttons generic via filter on get_the_excerpt --><\/p>\n","protected":false},"author":13,"featured_media":0,"comment_status":"open","ping_status":"closed","sticky":false,"template":"","format":"standard","meta":[],"categories":[1],"tags":[712,1322],"_links":{"self":[{"href":"https:\/\/blogs.hoy.es\/Juandomingofernandez\/wp-json\/wp\/v2\/posts\/163"}],"collection":[{"href":"https:\/\/blogs.hoy.es\/Juandomingofernandez\/wp-json\/wp\/v2\/posts"}],"about":[{"href":"https:\/\/blogs.hoy.es\/Juandomingofernandez\/wp-json\/wp\/v2\/types\/post"}],"author":[{"embeddable":true,"href":"https:\/\/blogs.hoy.es\/Juandomingofernandez\/wp-json\/wp\/v2\/users\/13"}],"replies":[{"embeddable":true,"href":"https:\/\/blogs.hoy.es\/Juandomingofernandez\/wp-json\/wp\/v2\/comments?post=163"}],"version-history":[{"count":0,"href":"https:\/\/blogs.hoy.es\/Juandomingofernandez\/wp-json\/wp\/v2\/posts\/163\/revisions"}],"wp:attachment":[{"href":"https:\/\/blogs.hoy.es\/Juandomingofernandez\/wp-json\/wp\/v2\/media?parent=163"}],"wp:term":[{"taxonomy":"category","embeddable":true,"href":"https:\/\/blogs.hoy.es\/Juandomingofernandez\/wp-json\/wp\/v2\/categories?post=163"},{"taxonomy":"post_tag","embeddable":true,"href":"https:\/\/blogs.hoy.es\/Juandomingofernandez\/wp-json\/wp\/v2\/tags?post=163"}],"curies":[{"name":"wp","href":"https:\/\/api.w.org\/{rel}","templated":true}]}}