{"id":17,"date":"2005-12-23T01:09:47","date_gmt":"2005-12-23T01:09:47","guid":{"rendered":"http:\/\/blogs.hoy.es\/Juandomingofernandez\/?p=17"},"modified":"2005-12-23T01:09:47","modified_gmt":"2005-12-23T01:09:47","slug":"otra-duda","status":"publish","type":"post","link":"https:\/\/blogs.hoy.es\/Juandomingofernandez\/2005\/12\/23\/otra-duda\/","title":{"rendered":"Otra duda"},"content":{"rendered":"<p><P>&nbsp;<\/P><P>\u00bfEl sentido de la comunicaci\u00f3n en la &#8216;blogesfera&#8217; es individual o colectivo? \u00bfSeguro que nos comunicamos con alguien m\u00e1s all\u00e1 de nosotros mismos o como en la vieja maldici\u00f3n, \u00bfnadie puede saltar sobre su propia sombra?<\/P><\/p>\n<!-- AddThis Advanced Settings generic via filter on the_content --><!-- AddThis Share Buttons generic via filter on the_content -->","protected":false},"excerpt":{"rendered":"<p>&nbsp;\u00bfEl sentido de la comunicaci\u00f3n en la &#8216;blogesfera&#8217; es individual o colectivo? \u00bfSeguro que nos comunicamos con alguien m\u00e1s all\u00e1 de nosotros mismos o como en la vieja maldici\u00f3n, \u00bfnadie puede saltar sobre su propia sombra?<!-- AddThis Advanced Settings generic via filter on get_the_excerpt --><!-- AddThis Share Buttons generic via filter on get_the_excerpt --><\/p>\n","protected":false},"author":13,"featured_media":0,"comment_status":"open","ping_status":"closed","sticky":false,"template":"","format":"standard","meta":[],"categories":[2],"tags":[],"_links":{"self":[{"href":"https:\/\/blogs.hoy.es\/Juandomingofernandez\/wp-json\/wp\/v2\/posts\/17"}],"collection":[{"href":"https:\/\/blogs.hoy.es\/Juandomingofernandez\/wp-json\/wp\/v2\/posts"}],"about":[{"href":"https:\/\/blogs.hoy.es\/Juandomingofernandez\/wp-json\/wp\/v2\/types\/post"}],"author":[{"embeddable":true,"href":"https:\/\/blogs.hoy.es\/Juandomingofernandez\/wp-json\/wp\/v2\/users\/13"}],"replies":[{"embeddable":true,"href":"https:\/\/blogs.hoy.es\/Juandomingofernandez\/wp-json\/wp\/v2\/comments?post=17"}],"version-history":[{"count":0,"href":"https:\/\/blogs.hoy.es\/Juandomingofernandez\/wp-json\/wp\/v2\/posts\/17\/revisions"}],"wp:attachment":[{"href":"https:\/\/blogs.hoy.es\/Juandomingofernandez\/wp-json\/wp\/v2\/media?parent=17"}],"wp:term":[{"taxonomy":"category","embeddable":true,"href":"https:\/\/blogs.hoy.es\/Juandomingofernandez\/wp-json\/wp\/v2\/categories?post=17"},{"taxonomy":"post_tag","embeddable":true,"href":"https:\/\/blogs.hoy.es\/Juandomingofernandez\/wp-json\/wp\/v2\/tags?post=17"}],"curies":[{"name":"wp","href":"https:\/\/api.w.org\/{rel}","templated":true}]}}