{"id":170,"date":"2010-01-14T21:46:00","date_gmt":"2010-01-14T21:46:00","guid":{"rendered":"http:\/\/blogs.hoy.es\/Juandomingofernandez\/?p=170"},"modified":"2010-01-14T21:46:00","modified_gmt":"2010-01-14T21:46:00","slug":"europa-y-empleo","status":"publish","type":"post","link":"https:\/\/blogs.hoy.es\/Juandomingofernandez\/2010\/01\/14\/europa-y-empleo\/","title":{"rendered":"Europa y el empleo"},"content":{"rendered":"<p><big>Este lunes he asistido en Madrid a una sesi\u00f3n maratoniana, organizada por la Presidencia Espa\u00f1ola de la UE, en la que se abordaron m\u00faltiples aspectos de la construcci\u00f3n europea y sus retos m\u00e1s inmediatos. <\/p>\n<p>A m\u00ed me resultaron especialmente ilustrativas las intervenciones de Manuel Pimentel, ex ministro de Trabajo y Asuntos Sociales en el Gobierno de Aznar y la de Carlos Carnero, embajador en Misi\u00f3n Especial para Proyectos en el Marco de la Integraci\u00f3n Europea. Esa mesa redonda, que estuvo moderada por el periodista y ex senador Juan G. Bedoya, reciente ganador del Premio Europeo de Periodismo 2009 en Espa\u00f1a, sirvi\u00f3 no s\u00f3lo para repasar hist\u00f3ricamente el sentido europe\u00edsta de muchas generaciones de espa\u00f1oles sino para recordar las palabras de Graci\u00e1n, cuando sosten\u00eda, sin complejos, que \u00abEspa\u00f1a es la naci\u00f3n m\u00e1s antigua de Europa\u00bb. Juan G. Bedoya resucit\u00f3 incluso los conocidos versos de Joaqu\u00edn Bartrina: <\/p>\n<p><\/big><big>\u00abOyendo hablar a un hombre, f\u00e1cil es<br \/>\nacertar d\u00f3nde vio la luz del sol;<br \/>\nsi os alaba Inglaterra, ser\u00e1 ingl\u00e9s,<br \/>\nsi os habla mal de Prusia, es un franc\u00e9s,<br \/>\ny si habla mal de Espa\u00f1a, es espa\u00f1ol\u00bb. <\/big><big><\/p>\n<p>Pimentel equipar\u00f3 la relaci\u00f3n de Espa\u00f1a con la UE a la de esos matrimonios j\u00f3venes cuyos principios est\u00e1n dominados por una pasi\u00f3n y euforia amorosa que luego suelen dar paso a etapas de p\u00e1nico o depresi\u00f3n. En su opini\u00f3n, \u00abno hemos sido agradecidos con la UE\u00bb. Basta pensar en los miles de millones que han inyectado los fondos estructurales o los programas Feder, Feoga o el Fondo Social Europeo. \u00bfLo negativo? No estamos homologados en materia de empleo con el resto de la UE. La intermediaci\u00f3n que funciona en el plano de la educaci\u00f3n (ah\u00ed est\u00e1n, por ejemplo, las becas Erasmus) no se produce en el plano laboral. <\/p>\n<p>Carlos Carnero tambi\u00e9n es un politico de raza. Brome\u00f3 incluso con su intervenci\u00f3n en las sesiones de ma\u00f1ana y tarde. \u00abReconozco que deben estar empachados de m\u00ed\u00bb, vino a decir, \u00abporque una doble sesi\u00f3n de Carnero se le indigesta a cualquiera. Si al menos fuera cordero lechal&#8230;\u00bb Su optimismo militante se tradujo en varias previsiones: Espa\u00f1a contribuir\u00e1 eficazmente en estos seis meses a la regeneraci\u00f3n econ\u00f3mica y a la recuperaci\u00f3n del empleo. Aunque facilit\u00f3 datos inquietantes: los 27 pa\u00edses de la UE tienen 40.000 diplom\u00e1ticos y 2,5 millones de hombres en armas. Conclusi\u00f3n: \u00abSe necesita una pol\u00edtica exterior global\u00bb. Y m\u00e1s optimismo. Seg\u00fan Carnero, la encuesta del Eurobar\u00f3metro prueba que mientras la percepci\u00f3n optimista respecto a la UE es del 66 por ciento en el resto de Europa, en Espa\u00f1a dicha cifra sube al 70 por ciento. Cuatro puntos m\u00e1s. <\/p>\n<p>Pimentel, que aparte de abogado es economista, rebaj\u00f3 el nivel de entusiasmo. Seg\u00fan dijo, en los pr\u00f3ximos meses se van a perder otros 200.000 empleos en Espa\u00f1a, y a pesar de ello, los puestos de trabajo creados tras la crisis de 1994 no tienen parang\u00f3n en el resto de Europa. Se ha destruido mucho empleo, pero nadie nos gana en el creado con anterioridad a 2008. El ex ministro de Trabajo se\u00f1al\u00f3 otras urgencias. \u00abSi no hay acuerdo social, el Gobierno tiene que actuar\u00bb. \u00bfPor qu\u00e9? Porque muchos empresarios saben que los cambios en la normativa laboral son inevitables y pueden decirse para s\u00ed: \u00abNo contrates ahora, esp\u00e9rate a que se produzca la reforma\u00bb. <\/big><\/p>\n<!-- AddThis Advanced Settings generic via filter on the_content --><!-- AddThis Share Buttons generic via filter on the_content -->","protected":false},"excerpt":{"rendered":"<p>Este lunes he asistido en Madrid a una sesi\u00f3n maratoniana, organizada por la Presidencia Espa\u00f1ola de la UE, en la que se abordaron m\u00faltiples aspectos de la construcci\u00f3n europea y sus retos m\u00e1s inmediatos. A m\u00ed me resultaron especialmente ilustrativas las intervenciones de Manuel Pimentel, ex ministro de Trabajo y Asuntos Sociales en el Gobierno [&hellip;]<!-- AddThis Advanced Settings generic via filter on get_the_excerpt --><!-- AddThis Share Buttons generic via filter on get_the_excerpt --><\/p>\n","protected":false},"author":13,"featured_media":0,"comment_status":"open","ping_status":"closed","sticky":false,"template":"","format":"standard","meta":[],"categories":[1],"tags":[400],"_links":{"self":[{"href":"https:\/\/blogs.hoy.es\/Juandomingofernandez\/wp-json\/wp\/v2\/posts\/170"}],"collection":[{"href":"https:\/\/blogs.hoy.es\/Juandomingofernandez\/wp-json\/wp\/v2\/posts"}],"about":[{"href":"https:\/\/blogs.hoy.es\/Juandomingofernandez\/wp-json\/wp\/v2\/types\/post"}],"author":[{"embeddable":true,"href":"https:\/\/blogs.hoy.es\/Juandomingofernandez\/wp-json\/wp\/v2\/users\/13"}],"replies":[{"embeddable":true,"href":"https:\/\/blogs.hoy.es\/Juandomingofernandez\/wp-json\/wp\/v2\/comments?post=170"}],"version-history":[{"count":0,"href":"https:\/\/blogs.hoy.es\/Juandomingofernandez\/wp-json\/wp\/v2\/posts\/170\/revisions"}],"wp:attachment":[{"href":"https:\/\/blogs.hoy.es\/Juandomingofernandez\/wp-json\/wp\/v2\/media?parent=170"}],"wp:term":[{"taxonomy":"category","embeddable":true,"href":"https:\/\/blogs.hoy.es\/Juandomingofernandez\/wp-json\/wp\/v2\/categories?post=170"},{"taxonomy":"post_tag","embeddable":true,"href":"https:\/\/blogs.hoy.es\/Juandomingofernandez\/wp-json\/wp\/v2\/tags?post=170"}],"curies":[{"name":"wp","href":"https:\/\/api.w.org\/{rel}","templated":true}]}}