{"id":171,"date":"2010-01-21T22:16:00","date_gmt":"2010-01-21T22:16:00","guid":{"rendered":"http:\/\/blogs.hoy.es\/Juandomingofernandez\/?p=171"},"modified":"2010-01-21T22:16:00","modified_gmt":"2010-01-21T22:16:00","slug":"musica-fondo","status":"publish","type":"post","link":"https:\/\/blogs.hoy.es\/Juandomingofernandez\/2010\/01\/21\/musica-fondo\/","title":{"rendered":"M\u00fasica de fondo"},"content":{"rendered":"<p><big>Algunas de las mejores historias que conozco las he escuchado en las peluquer\u00edas. Empezando por aquella de Juan Pe\u00f1a, en mi Ibahernando natal, hasta la del entra\u00f1able Juan Barra, en la calle Pintores de C\u00e1ceres, donde como \u00e9l me record\u00f3 en muchas ocasiones, hab\u00eda cortado el pelo o afeitado a cinco generaciones de mi familia. Precisamente en ese local le o\u00ed contar, hace ya d\u00e9cadas, la historia de aquel tiempo en que tuvo, literalmente, el destino de Espa\u00f1a en sus manos&#8230; No es una exageraci\u00f3n. Durante los primeros meses de la guerra civil, Juan Barra era el encargado de acudir todos los d\u00edas al Palacio de los Golfines de Arriba a rasurar la barba del general Francisco Franco, que por entonces hab\u00eda fijado su cuartel general en C\u00e1ceres. <\/p>\n<p>Juan Barra recreaba detalles de aquellos d\u00edas en los que el General\u00edsimo y futuro Jefe del Estado se hab\u00eda convertido en el hu\u00e9sped principal de ese palacio, por cuyas dependencias y patios jugaba tambi\u00e9n su \u00fanica hija, Carmen Franco. Y siempre surg\u00eda al final de la historia una pregunta \u2013que no recuerdo ahora si la planteaba \u00e9l o alguno de los clientes que<\/big><big> escuch\u00e1bamos sus palabras\u2013: \u00bfQu\u00e9 habr\u00eda ocurrido si la navaja de afeitar se hubiera desviado, violentamente, de las mejillas al cuello del dictador? Lo que recuerdo es la respuesta del peluquero: <\/p>\n<p>\u2013\u00a1Uff! Cualquiera, cualquiera&#8230; <\/p>\n<p>Sobraban otras aclaraciones. Y todos re\u00edamos con la contestaci\u00f3n. \u00a1Cualquiera! <\/p>\n<p>En esa peluquer\u00eda, regentada despu\u00e9s por su sobrino Joaqu\u00edn, aprend\u00ed a disfrutar con el humor zumb\u00f3n de muchos cacere\u00f1os, a sobrellevar, con resignaci\u00f3n, las subidas de moral de la hinchada del Bar\u00e7a (las menos veces) y a compartir la euforia que suelen acarrear los \u00e9xitos del Real Madrid y de los equipos locales. <\/p>\n<p>La federaci\u00f3n que agrupa en Catalu\u00f1a a los peluqueros se est\u00e1 peleando estos d\u00edas con la Sociedad General de Autores y Editores (SGAE) porque les reclaman el canon correspondiente en el caso de que utilicen hilo musical para ambientar sus establecimientos. Yo soy un defensor del pago de derechos de autor, pero no quisiera salir trasquilado con esta nueva guerra. Por m\u00ed, que la SGAE siga con su pol\u00edtica recaudatoria. De esa forma, tal vez consigan que en peluquer\u00edas como la fundada por Juan Barra nunca se decidan por el hilo musical. Saldremos ganando los clientes a quienes nos resulta mucho m\u00e1s grata una desenfadada conversaci\u00f3n sobre el tiempo o los males de la pol\u00edtica (dos temas \u2018estrella\u2019 en todas las peluquer\u00edas del mundo) que sentir c\u00f3mo avanzan por la nuca la navaja, la tijera o la maquinilla sobre el fondo musical de Beethoven o de Mozart. O aunque sea el de Teddy Bautista y Los Canarios. <\/p>\n<p>Ahora, eso s\u00ed, que no apliquen el canon en la consulta del dentista. Prefiero mil veces enfrentarme a todo el repertorio de Ramonc\u00edn, sin anestesia, que resistir en as\u00e9ptico silencio a la extracci\u00f3n de una pieza dental. Por ah\u00ed si que no paso. Si hay que contribuir, estoy dispuesto a colaborar. Pero con m\u00fasica, canon incluido. <\/p>\n<p>Y de paso, que la SGAE y dem\u00e1s sociedades que gestionan derechos de autor consigan ampliar su campo de negocio a otros \u00e1mbitos donde la ambientaci\u00f3n musical resulta terap\u00e9utica. Pongamos que hablo de las salas de espera de los aeropuertos. <\/big><\/p>\n<!-- AddThis Advanced Settings generic via filter on the_content --><!-- AddThis Share Buttons generic via filter on the_content -->","protected":false},"excerpt":{"rendered":"<p>Algunas de las mejores historias que conozco las he escuchado en las peluquer\u00edas. Empezando por aquella de Juan Pe\u00f1a, en mi Ibahernando natal, hasta la del entra\u00f1able Juan Barra, en la calle Pintores de C\u00e1ceres, donde como \u00e9l me record\u00f3 en muchas ocasiones, hab\u00eda cortado el pelo o afeitado a cinco generaciones de mi familia. [&hellip;]<!-- AddThis Advanced Settings generic via filter on get_the_excerpt --><!-- AddThis Share Buttons generic via filter on get_the_excerpt --><\/p>\n","protected":false},"author":13,"featured_media":0,"comment_status":"open","ping_status":"closed","sticky":false,"template":"","format":"standard","meta":[],"categories":[1],"tags":[888,979,1182],"_links":{"self":[{"href":"https:\/\/blogs.hoy.es\/Juandomingofernandez\/wp-json\/wp\/v2\/posts\/171"}],"collection":[{"href":"https:\/\/blogs.hoy.es\/Juandomingofernandez\/wp-json\/wp\/v2\/posts"}],"about":[{"href":"https:\/\/blogs.hoy.es\/Juandomingofernandez\/wp-json\/wp\/v2\/types\/post"}],"author":[{"embeddable":true,"href":"https:\/\/blogs.hoy.es\/Juandomingofernandez\/wp-json\/wp\/v2\/users\/13"}],"replies":[{"embeddable":true,"href":"https:\/\/blogs.hoy.es\/Juandomingofernandez\/wp-json\/wp\/v2\/comments?post=171"}],"version-history":[{"count":0,"href":"https:\/\/blogs.hoy.es\/Juandomingofernandez\/wp-json\/wp\/v2\/posts\/171\/revisions"}],"wp:attachment":[{"href":"https:\/\/blogs.hoy.es\/Juandomingofernandez\/wp-json\/wp\/v2\/media?parent=171"}],"wp:term":[{"taxonomy":"category","embeddable":true,"href":"https:\/\/blogs.hoy.es\/Juandomingofernandez\/wp-json\/wp\/v2\/categories?post=171"},{"taxonomy":"post_tag","embeddable":true,"href":"https:\/\/blogs.hoy.es\/Juandomingofernandez\/wp-json\/wp\/v2\/tags?post=171"}],"curies":[{"name":"wp","href":"https:\/\/api.w.org\/{rel}","templated":true}]}}