{"id":173,"date":"2010-02-04T21:32:00","date_gmt":"2010-02-04T21:32:00","guid":{"rendered":"http:\/\/blogs.hoy.es\/Juandomingofernandez\/?p=173"},"modified":"2010-02-04T21:32:00","modified_gmt":"2010-02-04T21:32:00","slug":"la-red-y-patatal","status":"publish","type":"post","link":"https:\/\/blogs.hoy.es\/Juandomingofernandez\/2010\/02\/04\/la-red-y-patatal\/","title":{"rendered":"La Red y el patatal"},"content":{"rendered":"<p>Acabo de llevarme un susto de muerte. Tengo una alerta en Internet que me avisa en cuanto sale alguna informaci\u00f3n con mi nombre. Me resulta bastante \u00fatil no para alimentar la vanidad (de la que estoy curado) sino para conocer el eco del trabajo. <\/p>\n<p>El problema es que hay m\u00e1s personas que tambi\u00e9n se llaman como yo. Sobre todo en Argentina, donde el patron\u00edmico Juan Domingo es bastante habitual porque da la casualidad que hubo un presidente que se llamaba Juan Domingo Per\u00f3n. <\/p>\n<p>Yo he repetido hasta la saciedad que me llamo Juan Domingo por mi abuelo materno, que se llamaba as\u00ed, y no por Per\u00f3n, pero el buscador de Internet no lo sabe. <\/p>\n<p>As\u00ed que diariamente elimino sin llegar a enlazarme dos o tres alertas de los \u2018Juan Domingo\u2019 argentinos o de esos otros que intuyo ajenos a mi persona. Aunque hoy no he podido evitar hacer caso del mensaje y averiguar de qu\u00e9 iba la noticia porque el titular me ha dejado turulato: <\/p>\n<p>\u00abPlantan papas en un cementerio\u00bb. <\/p>\n<p>\u00a1Caramba!, he dicho para m\u00ed, c\u00f3mo est\u00e1 la crisis en Argentina que aprovechan hasta los camposantos para tierras de cultivo. Resulta que un ex concejal de Bat\u00e1n, en Mar del Plata, y hom\u00f3nimo de este servidor, fue el denunciante de esa \u00abcompleja situaci\u00f3n\u00bb a resultas de la cual un predio r\u00fastico est\u00e1 sirviendo para \u00abplantaci\u00f3n ilegal de papas\u00bb cuando su destino oficial es el de \u00faltima morada de seres humanos. <\/p>\n<p>Ya s\u00e9 que el caso se presta a una reflexi\u00f3n m\u00e1s socioecon\u00f3mica que metaf\u00edsica \u2013que tambi\u00e9n\u2013 pero yo prefiero quedarme con la vertiente tecnol\u00f3gica. Antes de que se me echen encima los apocal\u00edpticos e integrados, confieso que soy un entusiasta de las nuevas tecnolog\u00edas. El mundo es ya impensable sin Internet. Pero eso no quiere decir, por ejemplo, que abrace a tontilocas las incontables posibilidades de la galaxia digital, que tambi\u00e9n es un mercado sujeto a reglas universales, del mismo modo que nadie se libra en la Tierra de la ley de la gravedad. Yo he renunciado, por principio, a abrir un perfil en Facebook. Conmigo que no cuenten. Para justificar tal decisi\u00f3n recurro a la misma respuesta que dio el actor George Clooney cuando le preguntaron por el tema y contest\u00f3 que prefer\u00eda que le hiciera \u00abun tacto rectal en directo en televisi\u00f3n un tipo con manos muy fr\u00edas antes que tener una p\u00e1gina de Facebook\u00bb. <\/p>\n<p>La semana pasada muri\u00f3 J. D. Salinger, autor de \u2018El guardi\u00e1n entre el centeno\u2019, que llevaba m\u00e1s de cuatro d\u00e9cadas eludiendo, precisamente, el principal objeto de las redes sociales. Lo que no le imped\u00eda vender, a\u00f1o tras a\u00f1o, 250.000 ejemplares de su famosa novela. De hecho se convirti\u00f3, como recordaba el otro d\u00eda \u2018The New York Times\u2019, en un hombre que \u00abse hizo c\u00e9lebre por el hecho de no querer ser c\u00e9lebre\u00bb.   <\/p>\n<p>A otro nivel, hay m\u00e1s ejemplos. Del mexicano Juan Rulfo, autor de esa joya que es  \u2018Pedro P\u00e1ramo\u2019, lleg\u00f3 a decir  Jos\u00e9 Donoso que era un escritor cuya fama crec\u00eda con cada libro que no escrib\u00eda. \u00bfHubiera ganado mucho la literatura si Salinger y Rulfo contaran con p\u00e1gina en Facebook?   <\/p>\n<p>As\u00ed que contactar\u00e9 con mi tocayo argentino para preguntarle si al cabo no hubiera sido m\u00e1s \u00fatil que los del \u00abpredio\u00bb siguieran con su fruct\u00edfero patatal antes que reservar el terreno para el descanso eterno.<\/p>\n<!-- AddThis Advanced Settings generic via filter on the_content --><!-- AddThis Share Buttons generic via filter on the_content -->","protected":false},"excerpt":{"rendered":"<p>Acabo de llevarme un susto de muerte. Tengo una alerta en Internet que me avisa en cuanto sale alguna informaci\u00f3n con mi nombre. Me resulta bastante \u00fatil no para alimentar la vanidad (de la que estoy curado) sino para conocer el eco del trabajo. El problema es que hay m\u00e1s personas que tambi\u00e9n se llaman [&hellip;]<!-- AddThis Advanced Settings generic via filter on get_the_excerpt --><!-- AddThis Share Buttons generic via filter on get_the_excerpt --><\/p>\n","protected":false},"author":13,"featured_media":0,"comment_status":"open","ping_status":"closed","sticky":false,"template":"","format":"standard","meta":[],"categories":[1],"tags":[98,462,584,638,1144],"_links":{"self":[{"href":"https:\/\/blogs.hoy.es\/Juandomingofernandez\/wp-json\/wp\/v2\/posts\/173"}],"collection":[{"href":"https:\/\/blogs.hoy.es\/Juandomingofernandez\/wp-json\/wp\/v2\/posts"}],"about":[{"href":"https:\/\/blogs.hoy.es\/Juandomingofernandez\/wp-json\/wp\/v2\/types\/post"}],"author":[{"embeddable":true,"href":"https:\/\/blogs.hoy.es\/Juandomingofernandez\/wp-json\/wp\/v2\/users\/13"}],"replies":[{"embeddable":true,"href":"https:\/\/blogs.hoy.es\/Juandomingofernandez\/wp-json\/wp\/v2\/comments?post=173"}],"version-history":[{"count":0,"href":"https:\/\/blogs.hoy.es\/Juandomingofernandez\/wp-json\/wp\/v2\/posts\/173\/revisions"}],"wp:attachment":[{"href":"https:\/\/blogs.hoy.es\/Juandomingofernandez\/wp-json\/wp\/v2\/media?parent=173"}],"wp:term":[{"taxonomy":"category","embeddable":true,"href":"https:\/\/blogs.hoy.es\/Juandomingofernandez\/wp-json\/wp\/v2\/categories?post=173"},{"taxonomy":"post_tag","embeddable":true,"href":"https:\/\/blogs.hoy.es\/Juandomingofernandez\/wp-json\/wp\/v2\/tags?post=173"}],"curies":[{"name":"wp","href":"https:\/\/api.w.org\/{rel}","templated":true}]}}