{"id":178,"date":"2010-03-11T22:05:00","date_gmt":"2010-03-11T22:05:00","guid":{"rendered":"http:\/\/blogs.hoy.es\/Juandomingofernandez\/?p=178"},"modified":"2010-03-11T22:05:00","modified_gmt":"2010-03-11T22:05:00","slug":"sobre-historia","status":"publish","type":"post","link":"https:\/\/blogs.hoy.es\/Juandomingofernandez\/2010\/03\/11\/sobre-historia\/","title":{"rendered":"Sobre la historia"},"content":{"rendered":"<p><strong>Suele decirse que \u00ablos pueblos que no conocen la historia est\u00e1n condenados a repetirla\u00bb. Porque no solo la carne es d\u00e9bil, tambi\u00e9n lo es la memoria. Mientras en Espa\u00f1a se cuestiona a\u00fan la posibilidad de que los familiares de los represaliados de un bando de la guerra civil puedan recuperar los cuerpos de los enterrados en fosas comunes o en cualquier cuneta para darles digna sepultura, en el Congreso de los Diputados se discute esta misma semana acerca de si deben incorporarse a los textos escolares espa\u00f1oles los cr\u00edmenes de Stalin en Ucrania durante los a\u00f1os treinta del pasado siglo.   <\/p>\n<p>Cuando acabamos de salir, como aquel que dice, de una larga dictadura donde se calific\u00f3 de \u2018cruzada\u2019 la persecuci\u00f3n y exterminio de media Espa\u00f1a, o cuando en el otro bando hay historiadores (\u00bf) que explican la guerra civil como la conquista de Euskadi y Catalu\u00f1a \u00a1por parte de Castilla!, a\u00fan resultan pol\u00e9micas las declaraciones de quienes atribuyen a los militantes del PP la condici\u00f3n de herederos del r\u00e9gimen de Franco o de quienes ven manos negras en el intento de encausar a un juez como Garz\u00f3n por haber querido remover las aguas (y las tumbas) de la historia. Qu\u00e9 paradoja. <\/p>\n<p>Ma\u00f1ana, s\u00e1bado, saldr\u00e1 publicada en este peri\u00f3dico una entrevista con el catedr\u00e1tico Enrique Moradiellos, uno de esos historiadores cuyo conocimiento es directamente proporcional a su ecuanimidad. Un esp\u00edritu racionalista y antisectario. Durante la larga conversaci\u00f3n que mantuve con \u00e9l me cont\u00f3 algunas an\u00e9cdotas ilustrativas de la mec\u00e1nica de trabajo recomendable en su parcela profesional. Formado en la Universidad de Londres, a donde lleg\u00f3 becado de la mano de Paul Preston, explica Moradiellos que cuando le planteaba al prestigioso investigador brit\u00e1nico cuestiones del tipo: \u00abPues el proletariado dice&#8230;\u00bb, \u00e9l respond\u00eda en ingl\u00e9s: \u00ab\u00bfY qui\u00e9n es ese se\u00f1or, qui\u00e9n es el proletariado?\u00bb Nada de abstracciones. Nada de protagonistas sin nombre. Hay personas, hay sindicatos. Hay obreros cat\u00f3licos que se enfrentaban a otros que no lo son. \u00abTe obligaba a pensar\u00bb. <\/p>\n<p>El mejor ant\u00eddoto contra los traspi\u00e9s de la historia es el conocimiento; y la verdad sin vocaci\u00f3n de parcialidad, sin instinto sectario. Por eso me parece cada vez m\u00e1s urgente e imprescindible una opini\u00f3n p\u00fablica formada con criterios rigurosos, no al amparo de esas aguas revueltas a las que acuden los pescadores con el cebo del descontento y la ignorancia, dos anzuelos que suelen multiplicarse en tiempos de crisis. <\/p>\n<p>Mi admirado Joseph Joubert escribi\u00f3, a caballo entre los siglos XVIII y XIX, aquello de \u00ablas sombras en la historia, los fantasmas en las novelas\u00bb. Yo creo que es uno de sus pocos pensamientos que no comparto. En la historia, ni sombras ni fantasmas. All\u00e1 los literatos con sus creaciones, pero al hablar de historia, mejor la sentencia del ingl\u00e9s Francis Bacon: \u00abLa historia es la ciencia de los hechos\u00bb. No de las suposiciones. <\/p>\n<p>Buena parte de lo que ma\u00f1ana ser\u00e1 historia est\u00e1 hoy en las p\u00e1ginas de los peri\u00f3dicos, en las tertulias de las teles y las radios, en las p\u00e1ginas webs y en las redes sociales.  Pero tambi\u00e9n est\u00e1 en las estad\u00edsticas oficiales, en las inquietudes de los padres, en las preocupaciones de los j\u00f3venes, en las cifras del paro y del empleo&#8230; Y es preciso separar las voces de los ecos.<\/strong><\/p>\n<!-- AddThis Advanced Settings generic via filter on the_content --><!-- AddThis Share Buttons generic via filter on the_content -->","protected":false},"excerpt":{"rendered":"<p>Suele decirse que \u00ablos pueblos que no conocen la historia est\u00e1n condenados a repetirla\u00bb. Porque no solo la carne es d\u00e9bil, tambi\u00e9n lo es la memoria. Mientras en Espa\u00f1a se cuestiona a\u00fan la posibilidad de que los familiares de los represaliados de un bando de la guerra civil puedan recuperar los cuerpos de los enterrados [&hellip;]<!-- AddThis Advanced Settings generic via filter on get_the_excerpt --><!-- AddThis Share Buttons generic via filter on get_the_excerpt --><\/p>\n","protected":false},"author":13,"featured_media":0,"comment_status":"open","ping_status":"closed","sticky":false,"template":"","format":"standard","meta":[],"categories":[1],"tags":[578,869],"_links":{"self":[{"href":"https:\/\/blogs.hoy.es\/Juandomingofernandez\/wp-json\/wp\/v2\/posts\/178"}],"collection":[{"href":"https:\/\/blogs.hoy.es\/Juandomingofernandez\/wp-json\/wp\/v2\/posts"}],"about":[{"href":"https:\/\/blogs.hoy.es\/Juandomingofernandez\/wp-json\/wp\/v2\/types\/post"}],"author":[{"embeddable":true,"href":"https:\/\/blogs.hoy.es\/Juandomingofernandez\/wp-json\/wp\/v2\/users\/13"}],"replies":[{"embeddable":true,"href":"https:\/\/blogs.hoy.es\/Juandomingofernandez\/wp-json\/wp\/v2\/comments?post=178"}],"version-history":[{"count":0,"href":"https:\/\/blogs.hoy.es\/Juandomingofernandez\/wp-json\/wp\/v2\/posts\/178\/revisions"}],"wp:attachment":[{"href":"https:\/\/blogs.hoy.es\/Juandomingofernandez\/wp-json\/wp\/v2\/media?parent=178"}],"wp:term":[{"taxonomy":"category","embeddable":true,"href":"https:\/\/blogs.hoy.es\/Juandomingofernandez\/wp-json\/wp\/v2\/categories?post=178"},{"taxonomy":"post_tag","embeddable":true,"href":"https:\/\/blogs.hoy.es\/Juandomingofernandez\/wp-json\/wp\/v2\/tags?post=178"}],"curies":[{"name":"wp","href":"https:\/\/api.w.org\/{rel}","templated":true}]}}