{"id":179,"date":"2010-03-18T22:05:00","date_gmt":"2010-03-18T22:05:00","guid":{"rendered":"http:\/\/blogs.hoy.es\/Juandomingofernandez\/?p=179"},"modified":"2010-03-18T22:05:00","modified_gmt":"2010-03-18T22:05:00","slug":"don-camilo-y-peppone","status":"publish","type":"post","link":"https:\/\/blogs.hoy.es\/Juandomingofernandez\/2010\/03\/18\/don-camilo-y-peppone\/","title":{"rendered":"Don Camilo y Peppone"},"content":{"rendered":"<p><big>El otro d\u00eda viaj\u00e9 a Madrid por motivos de trabajo. La noticia mala es que tuve que entrar en la Audiencia Nacional y la buena que me dejaron salir. La puerta de esas dependencias judiciales es m\u00e1s conocida ya que la fachada de la Universidad de Salamanca. Por ella hemos visto desfilar a lo m\u00e1s granado de la pol\u00edtica, las finanzas y los bajos fondos del terrorismo y sus palmeros. Vamos, que da un yuyu que espanta.   <\/p>\n<p>A pocos metros de ese edificio, en la plaza de Alonso Mart\u00ednez, aprovech\u00e9 un rato de tiempo libre para visitar una coqueta librer\u00eda de viejo concebida como un moderno expositor de acero y cristal. En los estantes, junto a las ediciones de saldo, duermen   viejos ejemplares de P\u00edo Baroja, de Machado, de Juan Ram\u00f3n Jim\u00e9nez, de V\u00e1zquez Montalb\u00e1n&#8230; <\/p>\n<p>Estuve a punto de adquirir un estudio cr\u00edtico sobre la obra de Luis Cernuda pero pens\u00e9 que no vale de nada insistir en la melancol\u00eda y al final adquir\u00ed  dos obras de \u2018pura evasi\u00f3n\u2019, una novela de P. G. Wodehouse, \u2018Psmith periodista\u2019, y uno de esos deliciosos episodios en los que Giovanni Guareschi recrea las aventuras del cura don Camilo y el alcalde comunista Peppone. <\/p>\n<p>Yo hab\u00eda le\u00eddo de joven algunas obras de Guareschi cuando en Espa\u00f1a resultaban doblemente c\u00f3micas, por inimaginables, las diatribas entre el alcalde comunista de un peque\u00f1o pueblo italiano y ese cura preconciliar pero simp\u00e1tico al que el propio Cristo, desde la cruz y a viva voz, ten\u00eda que pararle los pies \u2013y a veces tambi\u00e9n las manos\u2013 para refrenar sus ocurrencias de ardoroso redentor de almas. <\/p>\n<p>Mucho antes de que en nuestro pa\u00eds las ideas del eurocomunismo posibilitaran una situaci\u00f3n parecida a la reflejada por Guareschi, los divertidos encontronazos entre don Camilo y Peppone resultaban una buena lecci\u00f3n de convivencia \u2018democr\u00e1tica\u2019 y un anticipo de lo que podr\u00eda vivirse despu\u00e9s del r\u00e9gimen franquista. Lo cierto es que la historia real, finalmente, reserv\u00f3 menos episodios de ji-ji y ja-ja que los reflejados en aquellas novelas, pero al menos ya sab\u00edamos c\u00f3mo era la m\u00fasica de la canci\u00f3n.  <\/p>\n<p>Tengo que reconocer, sin embargo, que no compr\u00e9 el libro de Guareschi porque me dominara la nostalgia. Lo hice con sentido pr\u00e1ctico. Me explico. Seguramente hoy, 19 de marzo, con motivo del D\u00eda del Padre, mi hijo se descolgar\u00e1 con uno de esos regalos convencionales cuyo paradigma son las corbatas. \u00bfY c\u00f3mo agradec\u00e9rselo? \u00bfTan solo con un \u00abmuchas gracias\u00bb y un beso? Pues no.  En realidad compr\u00e9 \u2018Don Camilo y los j\u00f3venes de hoy\u2019 para mi hijo. En vez de un tratado sociol\u00f3gico al que dif\u00edcilmente hubiera hincado el diente, con este recurso me garantizo que pasar\u00e1 unas horas ri\u00e9ndose y, de paso, aprender\u00e1 en qu\u00e9 han desembocado aquellos j\u00f3venes a los que se retrata en la obra. O mejor, en qu\u00e9 ha terminado el esp\u00edritu de aquella generaci\u00f3n capaz de coquetear con el mao\u00edsmo y hoy instalada en las atalayas del poder. En esas atalayas desde las que algunas ovejas negras han tenido que cruzar la famosa puerta de la Audiencia Nacional pero sin la suerte que tuve yo de que me dejaran salir. <\/p>\n<p>\u00bfY <\/big><big>el libro de P. G. Wodehouse?, se preguntar\u00e1n ustedes. Pues ese s\u00ed que lo compr\u00e9 para m\u00ed. Para poder re\u00edrme sin nostalgia ni melancol\u00eda. Que no es poco.<\/big><\/p>\n<!-- AddThis Advanced Settings generic via filter on the_content --><!-- AddThis Share Buttons generic via filter on the_content -->","protected":false},"excerpt":{"rendered":"<p>El otro d\u00eda viaj\u00e9 a Madrid por motivos de trabajo. La noticia mala es que tuve que entrar en la Audiencia Nacional y la buena que me dejaron salir. La puerta de esas dependencias judiciales es m\u00e1s conocida ya que la fachada de la Universidad de Salamanca. Por ella hemos visto desfilar a lo m\u00e1s [&hellip;]<!-- AddThis Advanced Settings generic via filter on get_the_excerpt --><!-- AddThis Share Buttons generic via filter on get_the_excerpt --><\/p>\n","protected":false},"author":13,"featured_media":0,"comment_status":"open","ping_status":"closed","sticky":false,"template":"","format":"standard","meta":[],"categories":[1],"tags":[],"_links":{"self":[{"href":"https:\/\/blogs.hoy.es\/Juandomingofernandez\/wp-json\/wp\/v2\/posts\/179"}],"collection":[{"href":"https:\/\/blogs.hoy.es\/Juandomingofernandez\/wp-json\/wp\/v2\/posts"}],"about":[{"href":"https:\/\/blogs.hoy.es\/Juandomingofernandez\/wp-json\/wp\/v2\/types\/post"}],"author":[{"embeddable":true,"href":"https:\/\/blogs.hoy.es\/Juandomingofernandez\/wp-json\/wp\/v2\/users\/13"}],"replies":[{"embeddable":true,"href":"https:\/\/blogs.hoy.es\/Juandomingofernandez\/wp-json\/wp\/v2\/comments?post=179"}],"version-history":[{"count":0,"href":"https:\/\/blogs.hoy.es\/Juandomingofernandez\/wp-json\/wp\/v2\/posts\/179\/revisions"}],"wp:attachment":[{"href":"https:\/\/blogs.hoy.es\/Juandomingofernandez\/wp-json\/wp\/v2\/media?parent=179"}],"wp:term":[{"taxonomy":"category","embeddable":true,"href":"https:\/\/blogs.hoy.es\/Juandomingofernandez\/wp-json\/wp\/v2\/categories?post=179"},{"taxonomy":"post_tag","embeddable":true,"href":"https:\/\/blogs.hoy.es\/Juandomingofernandez\/wp-json\/wp\/v2\/tags?post=179"}],"curies":[{"name":"wp","href":"https:\/\/api.w.org\/{rel}","templated":true}]}}