{"id":181,"date":"2010-04-02T19:20:00","date_gmt":"2010-04-02T19:20:00","guid":{"rendered":"http:\/\/blogs.hoy.es\/Juandomingofernandez\/?p=181"},"modified":"2010-04-02T19:20:00","modified_gmt":"2010-04-02T19:20:00","slug":"moncayo-casa","status":"publish","type":"post","link":"https:\/\/blogs.hoy.es\/Juandomingofernandez\/2010\/04\/02\/moncayo-casa\/","title":{"rendered":"Moncayo en casa"},"content":{"rendered":"<div class=\"p\" id=\"story-texto\">\n<div class=\"p\">A Pablo Emilio Moncayo, nacido en 1979 en un pueblecito colombiano, no le gustaba el ej\u00e9rcito. Tampoco les gustaba a sus padres, ambos profesores, ni a sus tres hermanas. Pero el ej\u00e9rcito pod\u00eda ser el trampol\u00edn para especializarse en electr\u00f3nica y apost\u00f3 su vida a esa casilla. En 1997, cuando ten\u00eda 19 a\u00f1os de edad y ya era cabo, fue destinado a la base de Patascoy. Apenas tres meses despu\u00e9s los guerrilleros de las FARC movieron ficha en la ruleta del destino. En un ataque sorpresa a esa base mataron a 22 soldados y capturaron a m\u00e1s de una quincena. D\u00edas despu\u00e9s liberaron a todos, menos a Pablo Emilio Moncayo y a otro suboficial.<\/p><\/div>\n<div class=\"p\">Pablo Emilio Moncayo se ha pasado en la selva doce a\u00f1os, tres meses y doce d\u00edas con sus noches y desvelos, soportando penalidades y cadenas como si pesara sobre \u00e9l una maldici\u00f3n b\u00edblica. Parece el protagonista de uno de esos cuentos del realismo m\u00e1gico, solo que no es de ficci\u00f3n. Es un hombre de carne y hueso. Y la suya, una historia real. El padre de Moncayo nunca se resign\u00f3 a perder a su hijo. Hace a\u00f1os emprendi\u00f3 una campa\u00f1a que le llev\u00f3 a caminar m\u00e1s de 2.700 kil\u00f3metros por 14 pa\u00edses -cargado simb\u00f3licamente de cadenas- y a entrevistarse con m\u00e1s de diez jefes de Estado. Mientras Pablo Emilio Moncayo sobreviv\u00eda al cautiverio en la selva, su padre logr\u00f3 ser reconocido como el &#8216;caminante por la paz&#8217; y mantener viva la memoria de los rehenes. El drama de un pa\u00eds.<\/p>\n<\/div>\n<div class=\"p\">El ahora sargento Pablo Emilio Moncayo tiene 31 a\u00f1os y ya est\u00e1 en libertad. Al fin podr\u00e1 conocer a la cuarta de sus hermanas, Laura Valentina, nacida cuando \u00e9l era s\u00f3lo un hueco insustituible en la casa y unas pocas fotos en el \u00e1lbum familiar.<\/p>\n<\/div>\n<div class=\"p\">Cuentan las cr\u00f3nicas que en la primera comparecencia ante los periodistas que asist\u00edan a su liberaci\u00f3n, Moncayo dijo que \u00abal ver civilizaci\u00f3n, todo ha cambiado. La tecnolog\u00eda me deja supremamente admirado, todos los avances tecnol\u00f3gicos\u00bb. Y cumpli\u00f3 con el deseo de su padre: quitarle las cadenas que hab\u00eda portado durante a\u00f1os como s\u00edmbolo en contra de los secuestros. <\/div>\n<div class=\"p\">Protagonista involuntario de una lucha pol\u00edtica que ha causado miles de muertos y alimenta la desesperanza en Colombia, Moncayo se ha convertido en un n\u00e1ufrago reci\u00e9n llegado a la orilla de un pa\u00eds que es y no es el suyo. Tan es as\u00ed que a las pocas horas de su liberaci\u00f3n responsables del gobierno colombiano criticaban abiertamente el montaje medi\u00e1tico de la operaci\u00f3n, con c\u00e1maras de televisi\u00f3n transmitiendo en directo su viaje desde la selva profunda hasta la libertad. \u00abLo que preocupa al gobierno es que los secuestrados se muestren como animales de circo\u00bb. El gobierno de Colombia y las FARC libran una batalla donde la propaganda y la imagen p\u00fablica son armas tan efectivas como los helic\u00f3pteros y las bombas. Una guerra sin reglas en la que Moncayo y los cientos de retenidos no son nada m\u00e1s que piezas de un ajedrez diab\u00f3lico, marionetas movidas por la mano inmisericorde de la violencia. <\/div>\n<div class=\"p\"> A m\u00ed me alegra sobremanera el regreso del sargento Moncayo a la &#8216;civilizaci\u00f3n&#8217;. Pero lo que de verdad me conmueve es el temblor que adivino en los ojos de sus padres y de sus hermanas al verle regresar con vida. Porque no han recuperado ni una vieja foto ni un recuerdo, sino a un hombre. <\/div>\n<\/p><\/div>\n<!-- AddThis Advanced Settings generic via filter on the_content --><!-- AddThis Share Buttons generic via filter on the_content -->","protected":false},"excerpt":{"rendered":"<p>A Pablo Emilio Moncayo, nacido en 1979 en un pueblecito colombiano, no le gustaba el ej\u00e9rcito. Tampoco les gustaba a sus padres, ambos profesores, ni a sus tres hermanas. Pero el ej\u00e9rcito pod\u00eda ser el trampol\u00edn para especializarse en electr\u00f3nica y apost\u00f3 su vida a esa casilla. En 1997, cuando ten\u00eda 19 a\u00f1os de edad [&hellip;]<!-- AddThis Advanced Settings generic via filter on get_the_excerpt --><!-- AddThis Share Buttons generic via filter on get_the_excerpt --><\/p>\n","protected":false},"author":13,"featured_media":0,"comment_status":"open","ping_status":"closed","sticky":false,"template":"","format":"standard","meta":[],"categories":[1],"tags":[253,559,1165],"_links":{"self":[{"href":"https:\/\/blogs.hoy.es\/Juandomingofernandez\/wp-json\/wp\/v2\/posts\/181"}],"collection":[{"href":"https:\/\/blogs.hoy.es\/Juandomingofernandez\/wp-json\/wp\/v2\/posts"}],"about":[{"href":"https:\/\/blogs.hoy.es\/Juandomingofernandez\/wp-json\/wp\/v2\/types\/post"}],"author":[{"embeddable":true,"href":"https:\/\/blogs.hoy.es\/Juandomingofernandez\/wp-json\/wp\/v2\/users\/13"}],"replies":[{"embeddable":true,"href":"https:\/\/blogs.hoy.es\/Juandomingofernandez\/wp-json\/wp\/v2\/comments?post=181"}],"version-history":[{"count":0,"href":"https:\/\/blogs.hoy.es\/Juandomingofernandez\/wp-json\/wp\/v2\/posts\/181\/revisions"}],"wp:attachment":[{"href":"https:\/\/blogs.hoy.es\/Juandomingofernandez\/wp-json\/wp\/v2\/media?parent=181"}],"wp:term":[{"taxonomy":"category","embeddable":true,"href":"https:\/\/blogs.hoy.es\/Juandomingofernandez\/wp-json\/wp\/v2\/categories?post=181"},{"taxonomy":"post_tag","embeddable":true,"href":"https:\/\/blogs.hoy.es\/Juandomingofernandez\/wp-json\/wp\/v2\/tags?post=181"}],"curies":[{"name":"wp","href":"https:\/\/api.w.org\/{rel}","templated":true}]}}