{"id":183,"date":"2010-04-15T22:20:00","date_gmt":"2010-04-15T22:20:00","guid":{"rendered":"http:\/\/blogs.hoy.es\/Juandomingofernandez\/?p=183"},"modified":"2010-04-15T22:20:00","modified_gmt":"2010-04-15T22:20:00","slug":"amenaza-latente","status":"publish","type":"post","link":"https:\/\/blogs.hoy.es\/Juandomingofernandez\/2010\/04\/15\/amenaza-latente\/","title":{"rendered":"Amenaza latente"},"content":{"rendered":"<p>En 1986, con motivo del cincuenta aniversario del comienzo de la guerra civil espa\u00f1ola, HOY public\u00f3 un coleccionable \u2013creo que el primero que abordaba en profundidad la visi\u00f3n de la contienda en la regi\u00f3n\u2013 con textos de los ahora catedr\u00e1ticos de Historia Contempor\u00e1nea de la Uex Fernando S\u00e1nchez Marroyo y Juan Garc\u00eda P\u00e9rez. Ese trabajo se acompa\u00f1\u00f3 con testimonios de personas que hab\u00edan vivido episodios relevantes en ambos bandos. Los testimonios de la provincia de Badajoz los recogi\u00f3 el periodista Jos\u00e9 Mar\u00eda Pagador y los de C\u00e1ceres, quien firma esta columna.<\/p>\n<p>Recuerdo que habl\u00e9 con un propietario de tierras cuyas fincas hab\u00edan sido ocupadas; con un militante comunista de Arroyo de la Luz que vivi\u00f3 las elecciones del 16 de febrero de 1936, las del Frente Popular; con un jornalero de Garciaz que fue de los que ocuparon y roturaron tierras a la sombra de \u2018La Agraria\u2019; con un falangista cacere\u00f1o, testigo de la proclamaci\u00f3n de la guerra en C\u00e1ceres por parte del comandante Linos Lage. Habl\u00e9 tambi\u00e9n con un concejal comunista de un pueblo cacere\u00f1o que cont\u00f3 c\u00f3mo hab\u00eda vivido el el 18 de julio en zona nacional; con un sargento del Regimiento Argel 27 que particip\u00f3 en Villames\u00edas en los combates contra una columna de milicianos que fue exterminada; recog\u00ed testimonios sobre la muerte del alcalde Antonio Canales en las Navidades de 1937; sobre las peripecias de un \u2018topo\u2019 que permaneci\u00f3 escondido 14 meses cerca de Plasencia; la historia del hombre que se prest\u00f3 voluntario a abandonar el Monasterio de Guadalupe para avisar del ataque de la llamada \u2018Columna Fantasma\u2019; el testimonio de un cacere\u00f1o, miembro del servicio de Informaci\u00f3n de la Rep\u00fablica; la visi\u00f3n de aquellos d\u00edas de una dirigente de la Secci\u00f3n Femenina y de Falange en C\u00e1ceres; la aventura de un comisario pol\u00edtico del PCE que logr\u00f3 exiliarse a Francia o la historia de una mujer, prisionera del \u2018maquis\u2019 en Las Villuercas tiempo despu\u00e9s, durante la postguerra. M\u00e1s otros testimonios que no llegaron a publicarse porque todos deb\u00edan ser facilitados por personas identificadas, no an\u00f3nimas.<\/p>\n<p>Hace 24 a\u00f1os, m\u00e1s que algunos testimonios, lo que me sobrecogi\u00f3 fue el miedo latente provocado por la guerra civil. Un miedo denso, s\u00f3lido, a pesar de que hab\u00eda transcurrido medio siglo de aquella carnicer\u00eda.<\/p>\n<p>A punto de cumplirse 75 a\u00f1os de ese disparate incivil, basta mirar los peri\u00f3dicos para comprobar que siguen abiertas muchas heridas. Y que no pierden vigencia los versos de Jaime Gil de Biedma:<\/p>\n<p>\u00abDe todas las historias de la Historia \/ sin duda la m\u00e1s triste es la de Espa\u00f1a, \/porque termina mal. Como si el hombre, \/ harto ya de luchar con sus demonios, \/ decidiese encargarles el gobierno \/ y la administraci\u00f3n de su pobreza\u00bb.<\/p>\n<p>El proceso a Garz\u00f3n ha rejuvenecido los nubarrones de anta\u00f1o. Leyes como las de la Memoria Hist\u00f3rica levantan sarpullidos y prueban que hay heridas  sin cerrar. \u00bfCu\u00e1nto habr\u00e1 que esperar? \u00bfCien a\u00f1os? Si alguien reclama una tumba digna para sus muertos se habla de \u2018revanchismo\u2019. \u00abLo mejor es olvidar\u00bb, o\u00edmos como recomendaci\u00f3n bienintencionada. Pero la memoria perdura: en la historia, en la literatura, en la calle&#8230; Y lo malo es que algunos la perciben no como una liberaci\u00f3n, sino como una amenaza.<\/p>\n<!-- AddThis Advanced Settings generic via filter on the_content --><!-- AddThis Share Buttons generic via filter on the_content -->","protected":false},"excerpt":{"rendered":"<p>En 1986, con motivo del cincuenta aniversario del comienzo de la guerra civil espa\u00f1ola, HOY public\u00f3 un coleccionable \u2013creo que el primero que abordaba en profundidad la visi\u00f3n de la contienda en la regi\u00f3n\u2013 con textos de los ahora catedr\u00e1ticos de Historia Contempor\u00e1nea de la Uex Fernando S\u00e1nchez Marroyo y Juan Garc\u00eda P\u00e9rez. Ese trabajo [&hellip;]<!-- AddThis Advanced Settings generic via filter on get_the_excerpt --><!-- AddThis Share Buttons generic via filter on get_the_excerpt --><\/p>\n","protected":false},"author":13,"featured_media":0,"comment_status":"open","ping_status":"closed","sticky":false,"template":"","format":"standard","meta":[],"categories":[1],"tags":[1082],"_links":{"self":[{"href":"https:\/\/blogs.hoy.es\/Juandomingofernandez\/wp-json\/wp\/v2\/posts\/183"}],"collection":[{"href":"https:\/\/blogs.hoy.es\/Juandomingofernandez\/wp-json\/wp\/v2\/posts"}],"about":[{"href":"https:\/\/blogs.hoy.es\/Juandomingofernandez\/wp-json\/wp\/v2\/types\/post"}],"author":[{"embeddable":true,"href":"https:\/\/blogs.hoy.es\/Juandomingofernandez\/wp-json\/wp\/v2\/users\/13"}],"replies":[{"embeddable":true,"href":"https:\/\/blogs.hoy.es\/Juandomingofernandez\/wp-json\/wp\/v2\/comments?post=183"}],"version-history":[{"count":0,"href":"https:\/\/blogs.hoy.es\/Juandomingofernandez\/wp-json\/wp\/v2\/posts\/183\/revisions"}],"wp:attachment":[{"href":"https:\/\/blogs.hoy.es\/Juandomingofernandez\/wp-json\/wp\/v2\/media?parent=183"}],"wp:term":[{"taxonomy":"category","embeddable":true,"href":"https:\/\/blogs.hoy.es\/Juandomingofernandez\/wp-json\/wp\/v2\/categories?post=183"},{"taxonomy":"post_tag","embeddable":true,"href":"https:\/\/blogs.hoy.es\/Juandomingofernandez\/wp-json\/wp\/v2\/tags?post=183"}],"curies":[{"name":"wp","href":"https:\/\/api.w.org\/{rel}","templated":true}]}}