{"id":184,"date":"2010-04-22T21:30:00","date_gmt":"2010-04-22T21:30:00","guid":{"rendered":"http:\/\/blogs.hoy.es\/Juandomingofernandez\/?p=184"},"modified":"2010-04-22T21:30:00","modified_gmt":"2010-04-22T21:30:00","slug":"los-pelos-evo","status":"publish","type":"post","link":"https:\/\/blogs.hoy.es\/Juandomingofernandez\/2010\/04\/22\/los-pelos-evo\/","title":{"rendered":"Los pelos de Evo"},"content":{"rendered":"<p><strong>Dice el presidente de Bolivia, Evo Morales, que \u00aben Europa casi todos son calvos y es por las cosas que comen\u00bb. No se ha extinguido a\u00fan el volc\u00e1n de Islandia y llega Evo con las rebajas. Yo cre\u00eda que de aqu\u00ed a cien a\u00f1os, todos calvos y va a ser que no:  \u00abDe aqu\u00ed a 50 a\u00f1os todo el mundo ser\u00e1 calvo\u00bb, ha recortado el presidente de Bolivia, que atribuye tambi\u00e9n la homosexualidad a los productos transg\u00e9nicos. Seg\u00fan alerta, \u00abel pollo hormonado en granjas provoca desviaci\u00f3n sexual\u00bb. <\/p>\n<p>A m\u00ed lo de la calvicie no me inquieta demasiado. Y mis abundantes canas, la verdad, tampoco me preocupan.  Una de las alegr\u00edas que suelo llevarme cuando voy a cortarme el pelo es o\u00edrle decir al peluquero: \u00abEres el que mejor pelo tienes de todos tus hermanos\u00bb. As\u00ed que por ah\u00ed, tranquilo. <\/p>\n<p>Para la gente que peinamos canas, los calvos por antonomasia eran m\u00edster Proper, Kojak, Yul Brynner, el arbitro italiano Colina y el actor que anunciaba la Loter\u00eda de Navidad. Para los j\u00f3venes, sin embargo, sobre todo despu\u00e9s de que Ronaldo impusiera la moda de las tolas rasuradas, \u00abun calvo\u00bb \u2013o m\u00e1s en concreto, \u00abhacer un calvo\u00bb\u2013, es bajarse los pantalones y ense\u00f1ar el trasero. Las cabezas rasuradas son ya tan habituales como lo eran antes los tup\u00e9s, la raya, el flequillo o el pelo engominado. Simple moda.   <\/p>\n<p>Evo Morales hizo esas declaraciones en el transcurso de la I Conferencia Mundial de Pueblos sobre el Cambio Clim\u00e1tico y la Madre Tierra que se celebra en el pa\u00eds andino. Lo digo para que se entienda el contexto, el auditorio a quien iba dirigido el mensaje, radicalmente contrario a los alimentos modificados gen\u00e9ticamente, es decir, a los transg\u00e9nicos. <\/p>\n<p>Hasta la fecha, por la cosa del cabello no me pilla la riada. Pero lo de los pollos hormonados es otro cantar. No porque uno abuse de tal alimento, sino porque la mayor\u00eda de los pollos que consumo son de granja, no como esos gallos b\u00edblicos criados en corral igual que el que S\u00f3crates deb\u00eda a Esculapio. Quiero decir que a partir de ahora desde los muslos con los que so\u00f1aba Carpanta hasta los \u2018chicken\u2019 de las hamburguesas me van a parecer potenciales armas de carga hormonal femenina. Ser\u00e1 dar un bocado y levantarme la camisa por si detecto variaciones en las tetillas. Cualquiera se alimenta con esa incertidumbre. Lo que no mata engorda, los pectorales. <\/p>\n<p>Tiempo le han faltado a las asociaciones de gays, lesbianas, transexuales y bisexuales para afearle las declaraciones al mandatario boliviano. Lo mismo que han hecho algunos colectivos ecologistas. Sin embargo, no creo que ande muy descaminado Evo Morales, tan orgulloso de su recia pelambrera. Descontando los excesos de tan singular teor\u00eda sobre la calvicie o las causas de la homosexualidad, en el fondo hace bien defendiendo los alimentos ecol\u00f3gicos, entre otras cosas porque la mayor\u00eda de ellos no tienen que comprarlos a los pa\u00edses que hist\u00f3ricamente han abierto, como dir\u00eda Eduardo Galeano, las venas a Am\u00e9rica Latina. Aunque ese es otro cantar. <\/p>\n<p>Es dif\u00edcil que a Evo Morales le propongan  para doctor  honoris causa en cualquier universidad iberoamericana, pero como mantenedor de fiestas p\u00fablicas me parece que tendr\u00eda un futuro impagable. Por el precio de un orador te llevas un humorista.<\/strong><\/p>\n<!-- AddThis Advanced Settings generic via filter on the_content --><!-- AddThis Share Buttons generic via filter on the_content -->","protected":false},"excerpt":{"rendered":"<p>Dice el presidente de Bolivia, Evo Morales, que \u00aben Europa casi todos son calvos y es por las cosas que comen\u00bb. No se ha extinguido a\u00fan el volc\u00e1n de Islandia y llega Evo con las rebajas. Yo cre\u00eda que de aqu\u00ed a cien a\u00f1os, todos calvos y va a ser que no: \u00abDe aqu\u00ed a [&hellip;]<!-- AddThis Advanced Settings generic via filter on get_the_excerpt --><!-- AddThis Share Buttons generic via filter on get_the_excerpt --><\/p>\n","protected":false},"author":13,"featured_media":0,"comment_status":"open","ping_status":"closed","sticky":false,"template":"","format":"standard","meta":[],"categories":[1],"tags":[370,594,1278],"_links":{"self":[{"href":"https:\/\/blogs.hoy.es\/Juandomingofernandez\/wp-json\/wp\/v2\/posts\/184"}],"collection":[{"href":"https:\/\/blogs.hoy.es\/Juandomingofernandez\/wp-json\/wp\/v2\/posts"}],"about":[{"href":"https:\/\/blogs.hoy.es\/Juandomingofernandez\/wp-json\/wp\/v2\/types\/post"}],"author":[{"embeddable":true,"href":"https:\/\/blogs.hoy.es\/Juandomingofernandez\/wp-json\/wp\/v2\/users\/13"}],"replies":[{"embeddable":true,"href":"https:\/\/blogs.hoy.es\/Juandomingofernandez\/wp-json\/wp\/v2\/comments?post=184"}],"version-history":[{"count":0,"href":"https:\/\/blogs.hoy.es\/Juandomingofernandez\/wp-json\/wp\/v2\/posts\/184\/revisions"}],"wp:attachment":[{"href":"https:\/\/blogs.hoy.es\/Juandomingofernandez\/wp-json\/wp\/v2\/media?parent=184"}],"wp:term":[{"taxonomy":"category","embeddable":true,"href":"https:\/\/blogs.hoy.es\/Juandomingofernandez\/wp-json\/wp\/v2\/categories?post=184"},{"taxonomy":"post_tag","embeddable":true,"href":"https:\/\/blogs.hoy.es\/Juandomingofernandez\/wp-json\/wp\/v2\/tags?post=184"}],"curies":[{"name":"wp","href":"https:\/\/api.w.org\/{rel}","templated":true}]}}