{"id":186,"date":"2010-05-06T21:25:00","date_gmt":"2010-05-06T21:25:00","guid":{"rendered":"http:\/\/blogs.hoy.es\/Juandomingofernandez\/?p=186"},"modified":"2010-05-06T21:25:00","modified_gmt":"2010-05-06T21:25:00","slug":"no-corras-papa","status":"publish","type":"post","link":"https:\/\/blogs.hoy.es\/Juandomingofernandez\/2010\/05\/06\/no-corras-papa\/","title":{"rendered":"No corras, pap\u00e1"},"content":{"rendered":"<p>Me gusta la F\u00f3rmula 1, pero no soy muy aficionado a los coches.  De hecho, apenas distingo los principales modelos del mercado y desconf\u00edo de aquellos que tienen mejor autom\u00f3vil que biblioteca. Esos que se preocupan m\u00e1s por los cilindros en uve y las llantas de aleaci\u00f3n que por tener bien amueblada su cultura general.<\/p>\n<p>Seguramente son prejuicios de lector empedernido. Porque no creo que exista una contradicci\u00f3n b\u00e1sica entre el gusto por los coches y la cultura, a pesar de esa frase tan descre\u00edda de la escritora y editora Esther Tusquets: \u00abDejas libros en el coche y nadie te los roba, aunque est\u00e9 abierto\u00bb. Por cierto, algo similar a lo que le pasaba a quella universitaria que consegu\u00eda impedir que su compa\u00f1era de habitaci\u00f3n leyera las cartas que le enviaban escondi\u00e9ndolas en sus libros de texto.<\/p>\n<p>S\u00e9 de escritores, como el ingeniero Juan Benet, que compatibilizaban una cultura m\u00e1s que aseada con un autom\u00f3vil de lujo, en su caso un Jaguar, aunque tampoco me imagino a Borges (cuando a\u00fan gozaba de vista para conducir) preocupado por  las prestaciones mec\u00e1nicas de su veh\u00edculo. Para eso est\u00e1 el ch\u00f3fer.<\/p>\n<p>Ya s\u00e9 que Marinetti y los futuristas fueron entusiastas del veloc\u00edmetro y convirtieron al autom\u00f3vil en un icono de la modernidad, esa religi\u00f3n pagana erigida al ritmo que marcaban las cadenas de montaje. Pero ellos al menos le\u00edan.<\/p>\n<p>Casi al mismo tiempo que los aficionados a la F-1 se sienten inquietos por los problemas de fiabilidad del Ferrari de Fernando Alonso, por la aerodin\u00e1mica de los nuevos Mercedes-McLaren o por la refrigeraci\u00f3n de los frenos de los Toro Rosso, un joven conductor de 23 a\u00f1os, pilotando un BMW de serie ha conseguido en una autov\u00eda extreme\u00f1a el r\u00e9cord de velocidad detectado por un radar de la Guardia Civil de Tr\u00e1fico: \u00a1248 kil\u00f3metros por hora!<\/p>\n<p>\u00c9chale un galgo. El intr\u00e9pido piloto viajaba acompa\u00f1ado de sus dos hijos peque\u00f1os y de su novia. Las cr\u00f3nicas no aclaran el porqu\u00e9 de sus prisas, pero s\u00ed que el coche \u2013dado de baja\u2013 carec\u00eda de permiso de circulaci\u00f3n y de seguro. A la hora de soplar en el alcohol\u00edmetro dio negativo. Ya se sabe, si bebes, no conduzcas.<\/p>\n<p>Resulta parad\u00f3jico que este r\u00e9cord de velocidad se haya \u2018batido\u2019 en una de las regiones espa\u00f1olas que m\u00e1s ha tardado en disponer de una red decente de autov\u00edas. La maldici\u00f3n de los \u2018t\u00f3picos period\u00edsticos\u2019 se encargar\u00e1 de hacer el resto; es decir, de multiplicar hasta el infinito el eco de la \u2018haza\u00f1a\u2019. Y \u00e9chale otro galgo a la noticia.<\/p>\n<p>Una comunidad donde las inversiones de la administraci\u00f3n auton\u00f3mica en bibliotecas p\u00fablicas por habitante y a\u00f1o est\u00e1n muy por encima de la media nacional, al igual que lo est\u00e1n la media de libros existentes en las bibliotecas o las visitas a las mismas. \u00bfPero a qui\u00e9n le interesan esos asuntos? \u00bfPara qu\u00e9 sirven todos esos indicadores? Cuando el tonto coge la linde, la linde se acaba pero el tonto sigue.<\/p>\n<p>Sabemos que el conductor temerario de los 248 kil\u00f3metros por hora puede perder la patria potestad de sus hijos. Pero a m\u00ed lo que verdaderamente me gustar\u00eda saber es si cuando inspeccionaron el veh\u00edculo en su interior encontraron alg\u00fan libro. Aunque fuera robado.<\/p>\n<!-- AddThis Advanced Settings generic via filter on the_content --><!-- AddThis Share Buttons generic via filter on the_content -->","protected":false},"excerpt":{"rendered":"<p>Me gusta la F\u00f3rmula 1, pero no soy muy aficionado a los coches. De hecho, apenas distingo los principales modelos del mercado y desconf\u00edo de aquellos que tienen mejor autom\u00f3vil que biblioteca. Esos que se preocupan m\u00e1s por los cilindros en uve y las llantas de aleaci\u00f3n que por tener bien amueblada su cultura general. [&hellip;]<!-- AddThis Advanced Settings generic via filter on get_the_excerpt --><!-- AddThis Share Buttons generic via filter on get_the_excerpt --><\/p>\n","protected":false},"author":13,"featured_media":0,"comment_status":"open","ping_status":"closed","sticky":false,"template":"","format":"standard","meta":[],"categories":[1],"tags":[758,1318],"_links":{"self":[{"href":"https:\/\/blogs.hoy.es\/Juandomingofernandez\/wp-json\/wp\/v2\/posts\/186"}],"collection":[{"href":"https:\/\/blogs.hoy.es\/Juandomingofernandez\/wp-json\/wp\/v2\/posts"}],"about":[{"href":"https:\/\/blogs.hoy.es\/Juandomingofernandez\/wp-json\/wp\/v2\/types\/post"}],"author":[{"embeddable":true,"href":"https:\/\/blogs.hoy.es\/Juandomingofernandez\/wp-json\/wp\/v2\/users\/13"}],"replies":[{"embeddable":true,"href":"https:\/\/blogs.hoy.es\/Juandomingofernandez\/wp-json\/wp\/v2\/comments?post=186"}],"version-history":[{"count":0,"href":"https:\/\/blogs.hoy.es\/Juandomingofernandez\/wp-json\/wp\/v2\/posts\/186\/revisions"}],"wp:attachment":[{"href":"https:\/\/blogs.hoy.es\/Juandomingofernandez\/wp-json\/wp\/v2\/media?parent=186"}],"wp:term":[{"taxonomy":"category","embeddable":true,"href":"https:\/\/blogs.hoy.es\/Juandomingofernandez\/wp-json\/wp\/v2\/categories?post=186"},{"taxonomy":"post_tag","embeddable":true,"href":"https:\/\/blogs.hoy.es\/Juandomingofernandez\/wp-json\/wp\/v2\/tags?post=186"}],"curies":[{"name":"wp","href":"https:\/\/api.w.org\/{rel}","templated":true}]}}