{"id":188,"date":"2010-05-20T22:25:00","date_gmt":"2010-05-20T22:25:00","guid":{"rendered":"http:\/\/blogs.hoy.es\/Juandomingofernandez\/?p=188"},"modified":"2010-05-20T22:25:00","modified_gmt":"2010-05-20T22:25:00","slug":"el-per-y-loro","status":"publish","type":"post","link":"https:\/\/blogs.hoy.es\/Juandomingofernandez\/2010\/05\/20\/el-per-y-loro\/","title":{"rendered":"El PER y el loro"},"content":{"rendered":"<p>Somos pobres hasta para pedir. Han bastado unas insinuaciones del portavoz de Converg\u00e8ncia i Uni\u00f3 (CiU) en el Congreso, Josep Antoni Duran i Lleida, sugiriendo que se revise el sistema de subvenciones del antiguo PER (actual AEPSA) en Andaluc\u00eda y Extremadura para que se produzcan dos fen\u00f3menos simult\u00e1neos: el rechazo un\u00e1nime de los partidos pol\u00edticos y sindicatos a esas declaraciones y un aluvi\u00f3n de comentarios en la prensa regional en los que la mayor\u00eda denuncia, con argumentos bastante fundados, los abusos y fraudes que pululan en torno a tal sistema de ayudas.<\/p>\n<p>\u00bfY qui\u00e9nes tienen raz\u00f3n? Pues yo creo que las tres partes: Dur\u00e1n i Lleida, los representantes pol\u00edticos andaluces y extreme\u00f1os y, por supuesto, los numerosos lectores-comentaristas de la noticia. Pero me parece que ninguna de las partes tiene toda la raz\u00f3n. Hay matices.<\/p>\n<p>Se queja el portavoz de CiU de que Espa\u00f1a es un pa\u00eds excesivamente subvencionado y probablemente sea cierto. Su error, sin embargo, es identificar esos \u2018excesos\u2019 con las dos regiones donde el antiguo PER se cre\u00f3 para compensar la precariedad de una sociedad con muchos trabajadores del campo que de otra forma dif\u00edcilmente hubieran podido subsistir. Pero es que subvenciones masivas y m\u00e1s abultadas se destinaron mientras tanto a sectores como el naval, el de la miner\u00eda o el industrial. \u00bfIgnora Duran lo que tard\u00f3 en llegar la primera autov\u00eda a Extremadura? \u00bfSabe que esta comunidad, por ejemplo, sigue sin un solo kil\u00f3metro de red ferroviaria electrificada?<\/p>\n<p>Los representantes pol\u00edticos y sindicales han insistido en lo injusto y peligroso que es abrir discursos \u00abfrentistas\u00bb cuando a comunidades como Catalu\u00f1a se le pod\u00edan reclamar recortes en las ayudas a la industria automovil\u00edstica, en el precio de los medicamentos que ellos fabrican o en su propia  televisi\u00f3n auton\u00f3mica. \u00bfO es que esas subvenciones son de primera categor\u00eda y las otras de tercera regional? Les falta raz\u00f3n sin embargo a nuestros pol\u00edticos y sindicalistas cuando se niegan a reconocer lo obvio o cuando intentan hacernos comulgar con ruedas de molino ignorando que tras el PER campea la percepci\u00f3n popular de un fraude propio de la picaresca m\u00e1s rancia. Lo deprimente es que por los excesos de cuatro pecadores (familias con varios miembros agarrados a esa ubre, situaciones de fraude y de econom\u00eda sumergida&#8230;) pagan los justos para quienes las ayudas realmente son vitales, imprescindibles y de justicia. \u00bfPor qu\u00e9 no se incrementan los controles y se apuesta por la transparencia y la responsabilidad sin clientelismos?<\/p>\n<p>Y por \u00faltimo, los ciudadanos corrientes y molientes, entre los que me incluyo. Me parece que les asiste la raz\u00f3n al no eludir el asunto que plantea Duran i Lleida y al denunciar \u2013aunque sea de forma an\u00f3nima y en las ediciones digitales de los peri\u00f3dicos\u2013 las pr\u00e1cticas fraudulentas que han crecido paralelas al PER. \u00bfPero no es tambi\u00e9n una trampa dial\u00e9ctica aceptar ese punto de partida, el t\u00f3pico de vagos y subvencionados que late impl\u00edcitamente en su propuesta? \u00bfNo es dejarnos distraer por un problema que tan solo equivale al chocolate del loro en la econom\u00eda nacional? Es como si nos estuvieran dando el gran \u2018cambiazo\u2019 y encima tuvi\u00e9ramos que pedir disculpas.<\/p>\n<!-- AddThis Advanced Settings generic via filter on the_content --><!-- AddThis Share Buttons generic via filter on the_content -->","protected":false},"excerpt":{"rendered":"<p>Somos pobres hasta para pedir. Han bastado unas insinuaciones del portavoz de Converg\u00e8ncia i Uni\u00f3 (CiU) en el Congreso, Josep Antoni Duran i Lleida, sugiriendo que se revise el sistema de subvenciones del antiguo PER (actual AEPSA) en Andaluc\u00eda y Extremadura para que se produzcan dos fen\u00f3menos simult\u00e1neos: el rechazo un\u00e1nime de los partidos pol\u00edticos [&hellip;]<!-- AddThis Advanced Settings generic via filter on get_the_excerpt --><!-- AddThis Share Buttons generic via filter on get_the_excerpt --><\/p>\n","protected":false},"author":13,"featured_media":0,"comment_status":"open","ping_status":"closed","sticky":false,"template":"","format":"standard","meta":[],"categories":[1],"tags":[353,984,1268],"_links":{"self":[{"href":"https:\/\/blogs.hoy.es\/Juandomingofernandez\/wp-json\/wp\/v2\/posts\/188"}],"collection":[{"href":"https:\/\/blogs.hoy.es\/Juandomingofernandez\/wp-json\/wp\/v2\/posts"}],"about":[{"href":"https:\/\/blogs.hoy.es\/Juandomingofernandez\/wp-json\/wp\/v2\/types\/post"}],"author":[{"embeddable":true,"href":"https:\/\/blogs.hoy.es\/Juandomingofernandez\/wp-json\/wp\/v2\/users\/13"}],"replies":[{"embeddable":true,"href":"https:\/\/blogs.hoy.es\/Juandomingofernandez\/wp-json\/wp\/v2\/comments?post=188"}],"version-history":[{"count":0,"href":"https:\/\/blogs.hoy.es\/Juandomingofernandez\/wp-json\/wp\/v2\/posts\/188\/revisions"}],"wp:attachment":[{"href":"https:\/\/blogs.hoy.es\/Juandomingofernandez\/wp-json\/wp\/v2\/media?parent=188"}],"wp:term":[{"taxonomy":"category","embeddable":true,"href":"https:\/\/blogs.hoy.es\/Juandomingofernandez\/wp-json\/wp\/v2\/categories?post=188"},{"taxonomy":"post_tag","embeddable":true,"href":"https:\/\/blogs.hoy.es\/Juandomingofernandez\/wp-json\/wp\/v2\/tags?post=188"}],"curies":[{"name":"wp","href":"https:\/\/api.w.org\/{rel}","templated":true}]}}