{"id":189,"date":"2010-05-27T22:49:00","date_gmt":"2010-05-27T22:49:00","guid":{"rendered":"http:\/\/blogs.hoy.es\/Juandomingofernandez\/?p=189"},"modified":"2010-05-27T22:49:00","modified_gmt":"2010-05-27T22:49:00","slug":"no-vuelva-manana","status":"publish","type":"post","link":"https:\/\/blogs.hoy.es\/Juandomingofernandez\/2010\/05\/27\/no-vuelva-manana\/","title":{"rendered":"No vuelva ma\u00f1ana"},"content":{"rendered":"<p><strong>Desde antes que a Larra se le ocurriera trazar aquella pesimista caricatura de la administraci\u00f3n espa\u00f1ola en su art\u00edculo \u2018Vuelva usted ma\u00f1ana\u2019, los empleados p\u00fablicos no gozan de buena fama en nuestro pa\u00eds. Ni en muchos otros. Proverbio ruso: \u00abSi hablas a un funcionario, haz que los rublos hablen por ti\u00bb. En Francia, el periodista Paul Masson a\u00fan se permit\u00eda matices en el siglo XIX: \u00abLos funcionarios son como los libros de una biblioteca: los situados en los lugares m\u00e1s altos son los m\u00e1s in\u00fatiles\u00bb. Hasta el presidente Reagan ironiz\u00f3 sobre el asunto: \u00abEl contribuyente es una persona que trabaja para el Gobierno, pero sin haber hecho las oposiciones a funcionario\u00bb. <\/p>\n<p>Antes incluso de que la Guardia Civil creara esas agrupaciones de Tr\u00e1fico que acabar\u00edan multando por exceso de velocidad al coche del propio presidente de la Junta de Extremadura, la sabidur\u00eda popular despachaba su pesimismo sobre la eficiencia de aquellos vigilantes de la \u00e9poca con una frase que es un lamento y un reproche: \u00ab\u00a1A buenas horas, mangas verdes!\u00bb <\/p>\n<p>Por no hablar de los chistes: \u00ab\u00bfQui\u00e9nes son los trabajadores m\u00e1s r\u00e1pidos? Los funcionarios, porque terminan de trabajar a las 15.00 horas y a las 14.30 ya est\u00e1n en casa\u00bb. O ese otro, tan repetido: \u00ab\u00bfPor qu\u00e9 los funcionarios p\u00fablicos son ateos? Porque no creen que despu\u00e9s haya una vida mejor\u00bb. <\/p>\n<p>\u00bfQui\u00e9n no se ha cruzado alguna vez con un funcionario ineficiente y desatento? \u00bfQui\u00e9n no ha sentido la tentaci\u00f3n de despotricar contra su molicie? Supongo que casi todos. \u00bfPero qui\u00e9n cuando ha recibido un trato que exced\u00eda el puramente reglamentario y obligatorio se ha apresurado a pregonarlo a los cuatro vientos? <\/p>\n<p>La campa\u00f1a publicitaria de una operadora de tel\u00e9fonos invita estos d\u00edas a llamar para dar las gracias a todas aquellas personas a quienes debemos algo y nunca se lo hemos dicho. \u00bfQui\u00e9n ha llamado al sanitario que le atendi\u00f3, generosamente, mejor de lo que estaba obligado por los l\u00edmites de la profesionalidad? \u00bfQui\u00e9n le ha dado las gracias a aquel maestro o profesor que se mostr\u00f3 comprensivo y tolerante a pesar de nuestra desfachatez y falta de inter\u00e9s? \u00bfQui\u00e9n le ha agradecido al agente de la autoridad su trato familiar y cordial \u2013no solamente profesional\u2013 en cualquier trance enojoso? <\/p>\n<p>Hace poco tuve que renovar mi DNI. Hab\u00eda pedido cita por Internet y me dieron fecha y hora para un mes despu\u00e9s. Antes de ese d\u00eda me surgi\u00f3 un compromiso, imprevisto e ineludible, para la misma jornada y la misma hora en que estaba citado, pero en otra ciudad.  Algo temeroso, decid\u00ed acudir  el d\u00eda antes de la cita a la oficina del DNI. Expliqu\u00e9 mi situaci\u00f3n. Un agente de la Polic\u00eda Nacional me atendi\u00f3 con una correcci\u00f3n digna de encomio y me invit\u00f3 a esperar mientras consultaba con los funcionarios responsables del tr\u00e1mite la posibilidad de solucionar  el problema en ese mismo momento. As\u00ed fue. <\/p>\n<p>Al cabo de unos minutos sal\u00eda de aquellas dependencias con el flamante DNI. Repar\u00e9 en la fotograf\u00eda del carnet y trat\u00e9 de consolarme: \u00abPues no parece que hayan pasado tantos a\u00f1os\u00bb, dije para m\u00ed. Y mientras regresaba al trabajo no me acord\u00e9 de Larra, sino de todos esos funcionarios, cumplidores y an\u00f3nimos, a los que tambi\u00e9n les va a pillar el \u2018tijeretazo\u2019 de Zapatero.<\/strong><\/p>\n<!-- AddThis Advanced Settings generic via filter on the_content --><!-- AddThis Share Buttons generic via filter on the_content -->","protected":false},"excerpt":{"rendered":"<p>Desde antes que a Larra se le ocurriera trazar aquella pesimista caricatura de la administraci\u00f3n espa\u00f1ola en su art\u00edculo \u2018Vuelva usted ma\u00f1ana\u2019, los empleados p\u00fablicos no gozan de buena fama en nuestro pa\u00eds. Ni en muchos otros. Proverbio ruso: \u00abSi hablas a un funcionario, haz que los rublos hablen por ti\u00bb. En Francia, el periodista [&hellip;]<!-- AddThis Advanced Settings generic via filter on get_the_excerpt --><!-- AddThis Share Buttons generic via filter on get_the_excerpt --><\/p>\n","protected":false},"author":13,"featured_media":0,"comment_status":"open","ping_status":"closed","sticky":false,"template":"","format":"standard","meta":[],"categories":[1],"tags":[377,512,1085],"_links":{"self":[{"href":"https:\/\/blogs.hoy.es\/Juandomingofernandez\/wp-json\/wp\/v2\/posts\/189"}],"collection":[{"href":"https:\/\/blogs.hoy.es\/Juandomingofernandez\/wp-json\/wp\/v2\/posts"}],"about":[{"href":"https:\/\/blogs.hoy.es\/Juandomingofernandez\/wp-json\/wp\/v2\/types\/post"}],"author":[{"embeddable":true,"href":"https:\/\/blogs.hoy.es\/Juandomingofernandez\/wp-json\/wp\/v2\/users\/13"}],"replies":[{"embeddable":true,"href":"https:\/\/blogs.hoy.es\/Juandomingofernandez\/wp-json\/wp\/v2\/comments?post=189"}],"version-history":[{"count":0,"href":"https:\/\/blogs.hoy.es\/Juandomingofernandez\/wp-json\/wp\/v2\/posts\/189\/revisions"}],"wp:attachment":[{"href":"https:\/\/blogs.hoy.es\/Juandomingofernandez\/wp-json\/wp\/v2\/media?parent=189"}],"wp:term":[{"taxonomy":"category","embeddable":true,"href":"https:\/\/blogs.hoy.es\/Juandomingofernandez\/wp-json\/wp\/v2\/categories?post=189"},{"taxonomy":"post_tag","embeddable":true,"href":"https:\/\/blogs.hoy.es\/Juandomingofernandez\/wp-json\/wp\/v2\/tags?post=189"}],"curies":[{"name":"wp","href":"https:\/\/api.w.org\/{rel}","templated":true}]}}