{"id":190,"date":"2010-06-03T22:46:00","date_gmt":"2010-06-03T22:46:00","guid":{"rendered":"http:\/\/blogs.hoy.es\/Juandomingofernandez\/?p=190"},"modified":"2010-06-03T22:46:00","modified_gmt":"2010-06-03T22:46:00","slug":"helga-ya-esta-aqui","status":"publish","type":"post","link":"https:\/\/blogs.hoy.es\/Juandomingofernandez\/2010\/06\/03\/helga-ya-esta-aqui\/","title":{"rendered":"Helga ya est\u00e1 aqu\u00ed"},"content":{"rendered":"<p>Hace bastantes a\u00f1os, las aspiraciones culturales de Extremadura sufrieron un aut\u00e9ntico bofet\u00f3n en su amor propio al dejar \u2018escapar\u2019 gran parte de la obra de un artista fundamental de la regi\u00f3n, Juan Barjola, quien opt\u00f3 por cederla a Gij\u00f3n, la ciudad natal de su mujer, donde le levantaron un museo que lleva su nombre.<\/p>\n<p>Por fortuna, el error fue contrarrestado tiempo despu\u00e9s con dos iniciativas que muchos extreme\u00f1os a\u00fan no consideran en todo su valor: la colaboraci\u00f3n de la Junta de Extremadura para crear el Museo Vostell Malpartida con los fondos donados por el alem\u00e1n Wolf Vostell y la apertura del MEIAC en Badajoz, dos referencias de primer nivel en el arte contempor\u00e1neo a las que ahora, felizmente, hay que unir el Centro de Artes Visuales Helga de Alvear, cuya primera fase inaugur\u00f3 ayer en C\u00e1ceres la ministra de Cultura, \u00c1ngeles Gonz\u00e1lez Sinde.<\/p>\n<p>Ya se ha dicho que la colecci\u00f3n donada por Helga de Alvear situar\u00e1 a C\u00e1ceres en la primer\u00edsima divisi\u00f3n de la vanguardia art\u00edstica. No es una exageraci\u00f3n. Contar con esos fondos en Extremadura es como si, en el plano industrial, se instalara de pronto una gran multinacional de la inform\u00e1tica en mitad de nuestras dehesas. Algo equivalente a lo que supuso el Museo Picasso para M\u00e1laga.<\/p>\n<p>No hace mucho Helga de Alvear declaraba en una entrevista que ella compra sobre todo el concepto: \u00abSi no hay una idea, la obra no vale, la decoraci\u00f3n no me interesa\u00bb. Es una frase que me recuerda aquella m\u00e1xima del pensador franc\u00e9s Joseph Joubert (1754-1824) cuando dijo: \u00abUna obra de arte no tiene que parecer una realidad, sino una idea\u00bb.<\/p>\n<p>Precisamente la colecci\u00f3n donada a C\u00e1ceres se nutre de muchos fondos que pivotan sobre el eje del arte conceptual, una parcela que ha constituido la punta de lanza creativa de las \u00faltimas d\u00e9cadas y para la que son precisas ingentes cantidades de dinero y de talento a la hora de formar una colecci\u00f3n. Ah\u00ed radica otro de los \u2018avances\u2019 cualitativos del Centro de Artes Visuales Helga de Alvear.<\/p>\n<p>Lejos del museo tem\u00e1tico o de las colecciones ligadas a corrientes estil\u00edsticas m\u00e1s o menos \u2018convencionales\u2019, las m\u00e1s de 2.000 obras de la colecci\u00f3n Helga de Alvear llegan a C\u00e1ceres no como un inmenso almac\u00e9n abigarrado e inconexo, sino como una cantera inagotable de obras, susceptible de mostrarse de manera ordenada y jerarquizada para facilitar el valor pedag\u00f3gico y did\u00e1ctico \u2013de escaparate vivo\u2013 que debe poseer todo centro de arte contempor\u00e1neo. Quiero decir que se trata de una colecci\u00f3n que no es flor de un d\u00eda, ni se agotar\u00e1 en la primera, en la segunda ni en la tercera visita.<\/p>\n<p>As\u00ed pues, y al margen de su valor cualitativo, las formidables dimensiones de la colecci\u00f3n la convierten en un foro \u00fanico para que \u2018dialoguen\u2019 y conversen artistas, corrientes y estilos en una atm\u00f3sfera dif\u00edcilmente imaginable por estas tierras de no haber concurrido la generosidad de una galerista alemana y espa\u00f1ola y la perspicacia de unos responsables pol\u00edticos que en esta ocasi\u00f3n estuvieron atentos para no dejar pasar la oportunidad de ese tren.<\/p>\n<p>Esta vez, por suerte, no seremos nosotros los que nos llevemos la bofetada ni a los que se les ponga cara de tontos por habernos quedado a la luna de Valencia.<\/p>\n<!-- AddThis Advanced Settings generic via filter on the_content --><!-- AddThis Share Buttons generic via filter on the_content -->","protected":false},"excerpt":{"rendered":"<p>Hace bastantes a\u00f1os, las aspiraciones culturales de Extremadura sufrieron un aut\u00e9ntico bofet\u00f3n en su amor propio al dejar \u2018escapar\u2019 gran parte de la obra de un artista fundamental de la regi\u00f3n, Juan Barjola, quien opt\u00f3 por cederla a Gij\u00f3n, la ciudad natal de su mujer, donde le levantaron un museo que lleva su nombre. Por [&hellip;]<!-- AddThis Advanced Settings generic via filter on get_the_excerpt --><!-- AddThis Share Buttons generic via filter on get_the_excerpt --><\/p>\n","protected":false},"author":13,"featured_media":0,"comment_status":"open","ping_status":"closed","sticky":false,"template":"","format":"standard","meta":[],"categories":[1],"tags":[103,179,456],"_links":{"self":[{"href":"https:\/\/blogs.hoy.es\/Juandomingofernandez\/wp-json\/wp\/v2\/posts\/190"}],"collection":[{"href":"https:\/\/blogs.hoy.es\/Juandomingofernandez\/wp-json\/wp\/v2\/posts"}],"about":[{"href":"https:\/\/blogs.hoy.es\/Juandomingofernandez\/wp-json\/wp\/v2\/types\/post"}],"author":[{"embeddable":true,"href":"https:\/\/blogs.hoy.es\/Juandomingofernandez\/wp-json\/wp\/v2\/users\/13"}],"replies":[{"embeddable":true,"href":"https:\/\/blogs.hoy.es\/Juandomingofernandez\/wp-json\/wp\/v2\/comments?post=190"}],"version-history":[{"count":0,"href":"https:\/\/blogs.hoy.es\/Juandomingofernandez\/wp-json\/wp\/v2\/posts\/190\/revisions"}],"wp:attachment":[{"href":"https:\/\/blogs.hoy.es\/Juandomingofernandez\/wp-json\/wp\/v2\/media?parent=190"}],"wp:term":[{"taxonomy":"category","embeddable":true,"href":"https:\/\/blogs.hoy.es\/Juandomingofernandez\/wp-json\/wp\/v2\/categories?post=190"},{"taxonomy":"post_tag","embeddable":true,"href":"https:\/\/blogs.hoy.es\/Juandomingofernandez\/wp-json\/wp\/v2\/tags?post=190"}],"curies":[{"name":"wp","href":"https:\/\/api.w.org\/{rel}","templated":true}]}}