{"id":192,"date":"2010-06-17T22:26:00","date_gmt":"2010-06-17T22:26:00","guid":{"rendered":"http:\/\/blogs.hoy.es\/Juandomingofernandez\/?p=192"},"modified":"2010-06-17T22:26:00","modified_gmt":"2010-06-17T22:26:00","slug":"pobre-sarita","status":"publish","type":"post","link":"https:\/\/blogs.hoy.es\/Juandomingofernandez\/2010\/06\/17\/pobre-sarita\/","title":{"rendered":"\u00a1Pobre Sarita!"},"content":{"rendered":"<p><big>Hace un tiempo, si usted o\u00eda hablar del \u00abmilenarismo\u00bb esbozaba una sonrisa y se le ven\u00eda a la mente la imagen del escritor Fernando Arrabal trastabillando con una soberana melopea entre los invitados a un debate televisivo. El v\u00eddeo de Arrabal y su \u00abhablemos del milenarismo\u00bb se hizo casi tan famoso como el de Ram\u00f3n de Pitis o Ram\u00f3n \u2018el vanidoso\u2019, esa estrella del universo Youtube reci\u00e9n salida de la c\u00e1rcel tras robar un Banesto y que presum\u00eda de vestir ropa de Emidio Tucci. <\/p>\n<p>Por principio, las se\u00f1ales del apocalipsis acad\u00e9mico estaban reservadas para los manuales de historia y los cambios de milenio o, como mucho, para aquellos plat\u00f3s en los que le sentaba mal la ingesta de alcohol al padre del teatro P\u00e1nico, el \u00ednclito Arrabal.<\/p>\n<p>Ahora abre uno el peri\u00f3dico o enciende el ordenador y se topa con apocalipsis a la carta, con cataclismos de andar por casa. Anteayer fue el novillero mexicano Christian Hern\u00e1ndez quien escacharraba la imagen de valent\u00eda de los diestros taurinos saliendo por piernas (y no es una met\u00e1fora) de la Monumental de M\u00e9xico para tirarse de cabeza al callej\u00f3n. Despu\u00e9s tuvo el arrojo de cortarse la coleta ante el respetable \u2013como dicen los viejos cronistas\u2013, reconocer que hacen falta dos huevos para ponerse delante de un toro y que eso no es lo suyo. <\/p>\n<p>Despu\u00e9s fue el turno del apocalipsis deportivo. Espa\u00f1a palm\u00f3 ante la guardia suiza (estacionada como una flota de autobuses ante su porter\u00eda) mientras que por estos pagos nos tir\u00e1bamos de cabeza al callej\u00f3n del derrotismo. (\u00abSi ya te lo dec\u00eda yo. Tanto campeones, campeones y seguro que no pasamos de octavos&#8230;\u00bb). Peri\u00f3dicos tan aparentemente serios (\u00bf) como \u2018The Times\u2019 elucubraban con la posibilidad de que la culpable del desastre fuera Sara Carbonero, esa joven periodista a quien se atribuye un romance con Iker Casillas. La de Dios. <\/p>\n<p>\u00bfY para qu\u00e9 hablar de la reforma laboral y de Zapatero? Al pobre \u2018Maquiavelo de Leon\u2019, como le denominan algunos, le vamos a hacer responsable hasta de la muerte de Manolete. \u00ab\u00a1Ni que fuera yo Bin Laden!\u00bb, que refunfu\u00f1a Bel\u00e9n Esteban. <\/p>\n<p>Braceaba yo por este mar de los sargazos,  tratando de encontrar un resquicio a la esperanza o por lo menos de hacerle un regate al desencanto, cuando me entero de que la NASA nos previene contra los efectos devastadores e inminentes de una tormenta solar capaz de escacharrar los sistemas energ\u00e9ticos y de comunicaciones sobre los que se asienta nuestro sistema tecnol\u00f3gico. As\u00ed que adem\u00e1s de Arrabal, de Sara Carbonero y de ZP, el apocalipsis solar. Y Jos\u00e9 Tom\u00e1s a\u00fan de baja. <\/p>\n<p>Creo que con este panorama lo mejor que puede hacer uno es huir a la carrera de la tozuda realidad y refugiarse directamente en la galaxia digital. Creo que voy a salir a la carrera, como el ex novillero mexicano Christian Hern\u00e1ndez, para buscar en Youtube aquellos v\u00eddeos tan divertidos del ex ministro de Defensa, Federico Trillo, cuando se encontraba en El Salvador y exclam\u00f3 ardorosamente: \u00ab\u00a1Viva Honduras!\u00bb <\/p>\n<p>De esa manera es posible que se aplaque la ira del sol, que se ponga las pilas el \u2018Maquiavelo de Le\u00f3n\u2019 y hasta que \u2018The Times\u2019 deje en paz a la buena de Sarita Carbonero. Porque para \u00abmilenarismos\u00bb, de verdad, los de Fernando Arrabal. <\/big><\/p>\n<!-- AddThis Advanced Settings generic via filter on the_content --><!-- AddThis Share Buttons generic via filter on the_content -->","protected":false},"excerpt":{"rendered":"<p>Hace un tiempo, si usted o\u00eda hablar del \u00abmilenarismo\u00bb esbozaba una sonrisa y se le ven\u00eda a la mente la imagen del escritor Fernando Arrabal trastabillando con una soberana melopea entre los invitados a un debate televisivo. El v\u00eddeo de Arrabal y su \u00abhablemos del milenarismo\u00bb se hizo casi tan famoso como el de Ram\u00f3n [&hellip;]<!-- AddThis Advanced Settings generic via filter on get_the_excerpt --><!-- AddThis Share Buttons generic via filter on get_the_excerpt --><\/p>\n","protected":false},"author":13,"featured_media":0,"comment_status":"open","ping_status":"closed","sticky":false,"template":"","format":"standard","meta":[],"categories":[1],"tags":[93,517,1371],"_links":{"self":[{"href":"https:\/\/blogs.hoy.es\/Juandomingofernandez\/wp-json\/wp\/v2\/posts\/192"}],"collection":[{"href":"https:\/\/blogs.hoy.es\/Juandomingofernandez\/wp-json\/wp\/v2\/posts"}],"about":[{"href":"https:\/\/blogs.hoy.es\/Juandomingofernandez\/wp-json\/wp\/v2\/types\/post"}],"author":[{"embeddable":true,"href":"https:\/\/blogs.hoy.es\/Juandomingofernandez\/wp-json\/wp\/v2\/users\/13"}],"replies":[{"embeddable":true,"href":"https:\/\/blogs.hoy.es\/Juandomingofernandez\/wp-json\/wp\/v2\/comments?post=192"}],"version-history":[{"count":0,"href":"https:\/\/blogs.hoy.es\/Juandomingofernandez\/wp-json\/wp\/v2\/posts\/192\/revisions"}],"wp:attachment":[{"href":"https:\/\/blogs.hoy.es\/Juandomingofernandez\/wp-json\/wp\/v2\/media?parent=192"}],"wp:term":[{"taxonomy":"category","embeddable":true,"href":"https:\/\/blogs.hoy.es\/Juandomingofernandez\/wp-json\/wp\/v2\/categories?post=192"},{"taxonomy":"post_tag","embeddable":true,"href":"https:\/\/blogs.hoy.es\/Juandomingofernandez\/wp-json\/wp\/v2\/tags?post=192"}],"curies":[{"name":"wp","href":"https:\/\/api.w.org\/{rel}","templated":true}]}}