{"id":193,"date":"2010-06-24T22:37:00","date_gmt":"2010-06-24T22:37:00","guid":{"rendered":"http:\/\/blogs.hoy.es\/Juandomingofernandez\/?p=193"},"modified":"2010-06-24T22:37:00","modified_gmt":"2010-06-24T22:37:00","slug":"mas-madera","status":"publish","type":"post","link":"https:\/\/blogs.hoy.es\/Juandomingofernandez\/2010\/06\/24\/mas-madera\/","title":{"rendered":"\u00a1M\u00e1s madera!"},"content":{"rendered":"<p><strong>La semana pasada tuve la oportunidad de hablar con Diego Hidalgo Schnur, uno de esos oriundos de Extremadura en los que uno no sabe qu\u00e9 admirar m\u00e1s, si la serenidad y competencia de sus an\u00e1lisis o la modestia a la hora de expresarlos. <\/p>\n<p>Diego Hidalgo, que ha tenido la suerte de vivir en las \u00abentra\u00f1as del monstruo\u00bb del capiatlismo moderno (que dir\u00eda Jos\u00e9 Mart\u00ed) sin dejarse deslumbrar por sus cantos de sirena ni sentirse paralizado por el magnetismo inexorable de su poder\u00edo, sostiene que, tras la globalizaci\u00f3n, los mercados, por naturaleza, \u00abni se autocorrigen, ni se autorregulan ni se autoequilibran\u00bb. Dicho de otro modo: los mercados jam\u00e1s buscan una justificacion \u00e9tica propia. Eso que el hombre de la calle formula tambi\u00e9n de manera sencilla: el dinero no tiene patria y los mercados financieros no tienen alma. <\/p>\n<p>Sobre los cimientos de esa cruda realidad se levantan diariamente miles de historias en las que, por desgracia, los protagonistas no son las fr\u00edas cifras de una cuenta corriente, sino personas con nombre y apellidos. Con cuerpo y alma. Casi al mismo tiempo que desde la pol\u00edtica se nos pide a los asalariados nuevos sacrificios para seguir alimentando un sistema globalizado, incontrolable, impredecible y cada vez m\u00e1s voraz, un sistema insaciable que gobiernan entes abstractos radicados nadie sabe d\u00f3nde, el ciudadano de la calle se entera, por ejemplo, de que casi 3.000 fortunas espa\u00f1olas tienen depositados en bancos suizos m\u00e1s de 6.000 millones de euros en dinero negro.  Hasta los propios inspectores de Hacienda han puesto el grito en el cielo y han denunciado que en vez de haberles apretado las tuercas a los propietarios de esas cuentas opacas desde hace tiempo, se les requiera ahora simplemente para que realicen una declaraci\u00f3n complementaria que les acarrear\u00eda un recargo no mayor del 20 por ciento pero les librar\u00eda de la responsabilidad penal por su presunta defraudaci\u00f3n a la Hacienda p\u00fablica. <\/p>\n<p>Uno de los pilares b\u00e1sicos del buen funcionamiento econ\u00f3mico es la credibilidad del propio sistema. \u00bfPero de qu\u00e9 credibilidad puede hablarse cuando la percepci\u00f3n general es que las grandes fortunas siempre son las que se van a ir de rositas adem\u00e1s de acabar ganando la partida?  Ayer estuve en M\u00e9rida moderando tres coloquios dentro de las  \u2018Jornadas sobre bosques, cambio clim\u00e1tico y crisis en el espacio rural europeo\u2019 que organizan la Asociaci\u00f3n Extreme\u00f1a de Empresas Forestales y de Medio Ambiente (Aeefor) y la Asamblea de Extremadura. Uno de los ponentes fue Francisco Capilla, secretario general de la UGT de Extremadura, que ofreci\u00f3 una conferencia sobre \u2018La terapia del shock: derechos sociales y laborales en cuesti\u00f3n\u2019.   <\/p>\n<p>Sin cortarse un pelo y sin actitudes complacientes (a pesar de que el auditorio estaba constituido te\u00f3ricamente por un c\u00edrculo de empresarios), Capilla describi\u00f3 un panorama global en el que los mercados ganan la mano a la pol\u00edtica y el \u00abadelgazamiento del  estado del bienestar\u00bb se lleva a cabo a costa del sacrificio de miles de empleos.  Empleos que en el caso de Extremadura proceden en su mayor\u00eda, para m\u00e1s inri, de las peque\u00f1as y medianas empresas, esas a las que no le queda ni el consuelo de figurar en los ERE de gran atenci\u00f3n medi\u00e1tica.  \u00bfY ante ese panorama, qu\u00e9 hacer? La huelga general s\u00f3lo es un gesto. Pero a m\u00ed no me qued\u00f3 nada claro qu\u00e9 es en realidad lo que puede hacer se antes de la huega y, sobre todo, al d\u00eda siguiente.<\/strong><\/p>\n<!-- AddThis Advanced Settings generic via filter on the_content --><!-- AddThis Share Buttons generic via filter on the_content -->","protected":false},"excerpt":{"rendered":"<p>La semana pasada tuve la oportunidad de hablar con Diego Hidalgo Schnur, uno de esos oriundos de Extremadura en los que uno no sabe qu\u00e9 admirar m\u00e1s, si la serenidad y competencia de sus an\u00e1lisis o la modestia a la hora de expresarlos. Diego Hidalgo, que ha tenido la suerte de vivir en las \u00abentra\u00f1as [&hellip;]<!-- AddThis Advanced Settings generic via filter on get_the_excerpt --><!-- AddThis Share Buttons generic via filter on get_the_excerpt --><\/p>\n","protected":false},"author":13,"featured_media":0,"comment_status":"open","ping_status":"closed","sticky":false,"template":"","format":"standard","meta":[],"categories":[1],"tags":[296,855,1224],"_links":{"self":[{"href":"https:\/\/blogs.hoy.es\/Juandomingofernandez\/wp-json\/wp\/v2\/posts\/193"}],"collection":[{"href":"https:\/\/blogs.hoy.es\/Juandomingofernandez\/wp-json\/wp\/v2\/posts"}],"about":[{"href":"https:\/\/blogs.hoy.es\/Juandomingofernandez\/wp-json\/wp\/v2\/types\/post"}],"author":[{"embeddable":true,"href":"https:\/\/blogs.hoy.es\/Juandomingofernandez\/wp-json\/wp\/v2\/users\/13"}],"replies":[{"embeddable":true,"href":"https:\/\/blogs.hoy.es\/Juandomingofernandez\/wp-json\/wp\/v2\/comments?post=193"}],"version-history":[{"count":0,"href":"https:\/\/blogs.hoy.es\/Juandomingofernandez\/wp-json\/wp\/v2\/posts\/193\/revisions"}],"wp:attachment":[{"href":"https:\/\/blogs.hoy.es\/Juandomingofernandez\/wp-json\/wp\/v2\/media?parent=193"}],"wp:term":[{"taxonomy":"category","embeddable":true,"href":"https:\/\/blogs.hoy.es\/Juandomingofernandez\/wp-json\/wp\/v2\/categories?post=193"},{"taxonomy":"post_tag","embeddable":true,"href":"https:\/\/blogs.hoy.es\/Juandomingofernandez\/wp-json\/wp\/v2\/tags?post=193"}],"curies":[{"name":"wp","href":"https:\/\/api.w.org\/{rel}","templated":true}]}}