{"id":194,"date":"2010-07-01T22:53:00","date_gmt":"2010-07-01T22:53:00","guid":{"rendered":"http:\/\/blogs.hoy.es\/Juandomingofernandez\/?p=194"},"modified":"2010-07-01T22:53:00","modified_gmt":"2010-07-01T22:53:00","slug":"quedar-como-dios","status":"publish","type":"post","link":"https:\/\/blogs.hoy.es\/Juandomingofernandez\/2010\/07\/01\/quedar-como-dios\/","title":{"rendered":"Quedar como Dios"},"content":{"rendered":"<p><strong>Para el imaginario colectivo de muchos pa\u00edses, a los espa\u00f1oles les corresponde un esp\u00edritu idealista y generoso cuyo paradigma encarnar\u00eda Don Quijote, entreverado a lo sumo por el sentido com\u00fan de su fiel escudero, Sancho Panza. Tal vez se trate \u00fanicamente de un t\u00f3pico, como las leyendas de los bandoleros generosos, las suecas en Benidorm, el gazpacho y la siesta. <\/p>\n<p>El caso es que decir \u00abquijotesco\u00bb y pensar en un carpetovet\u00f3nico resulta una asociaci\u00f3n de ideas nada extravagante. La literatura est\u00e1 llena de ejemplos, desde aquel orgulloso \u00abEspa\u00f1a y yo somos as\u00ed, se\u00f1ora\u00bb, de Eduardo Marquina en su obra \u2018En Flandes se ha puesto el sol\u2019, hasta el \u00abM\u00e1s valen barcos sin honra que honra sin barcos\u00bb pasando por el sentencioso \u00abO llevar\u00e1s luto por m\u00ed\u00bb, de Manuel Ben\u00edtez \u2018El Cordob\u00e9s\u2019. Algo m\u00e1s que brindis al orgullo y al individualismo insobornable. <\/p>\n<p>Dec\u00eda Max Aub, el escritor trasterrado que tambi\u00e9n conoci\u00f3 el exilio y la a\u00f1oranza de su pa\u00eds, que al espa\u00f1ol no le importa tanto ganar o perder sino quedar como Dios. En el pasado seguramente era cierto. Pero dudo mucho que ahora esa frase pudiera convertirse en la divisa de un analista social. Basta observar cualquier esquina de la actualidad para poner en cuarentena su vigencia. <\/p>\n<p>Al ciudadano de la calle le importan m\u00e1s en estos momentos asuntos como la subida del IVA o la (aplazada) subida de las tarifas el\u00e9ctricas que la imagen de Espa\u00f1a en la reci\u00e9n concluida presidencia espa\u00f1ola de la UE. Al ciudadano de la calle le cuesta adentrarse en los laberintos abstractos de las grandes infraestructuras anunciadas por los gobiernos de turno pero enseguida se pone en guardia ante la posibilidad real \u2013nada abstracta\u2013 de que se produzca una rebaja en los sueldos o una subida en los impuestos. \u00bfEspa\u00f1a y yo somos as\u00ed, se\u00f1ora? <\/p>\n<p>A quienes pelean por un puesto de trabajo o por vislumbrar una luz en el horizonte profesional de los suyos, les parecen filfa las diatribas montadas por los pol\u00edticos de algunas comunidades aut\u00f3nomas para concretar si en realidad son galgos o podencos. As\u00ed se entiende, por ejemplo, que don Manuel Fraga declare que el estatuto catal\u00e1n no vale y cierre su intervenci\u00f3n con un recio \u00ab\u00a1Viva Espa\u00f1a!\u00bb. <\/p>\n<p>Es posible que este cambio de mentalidad se haya agudizado a partir de la crisis econ\u00f3mica y la lenta agon\u00eda del estado del bienestar. Si en tiempos de \u2018El Lazarillo\u2019 era comprensible la imagen de aquel viejo hidalgo  sin blanca que se salpicaba la pechera con unas pocas migas de pan para dar a entender  que hab\u00eda comido, hoy esa tergiversaci\u00f3n no se le ocurrir\u00eda ni al guionista de una serie de telebasura. Y si no, dense una vuelta por los comedores sociales de cualquier ciudad&#8230; Compru\u00e9benlo. <\/p>\n<p>Uno de los mayores peligros de las \u00e9pocas convulsas es caer en la tentaci\u00f3n de acabar con todo, incluso con los palos del sombrajo. En esas situaciones yo suelo hacerme la misma pregunta que los detectives en las novelas polic\u00edacas: \u00ab\u00bfA qui\u00e9n le beneficia el crimen?\u00bb Solamente que ahora, cuando el problema no es de un pueblo, de una regi\u00f3n o de un solo pa\u00eds, resulta m\u00e1s complejo identificar al culpable. Pero siempre es f\u00e1cil distinguir qui\u00e9n hace de Quijote y qui\u00e9n de Sancho Panza. <\/strong><\/p>\n<!-- AddThis Advanced Settings generic via filter on the_content --><!-- AddThis Share Buttons generic via filter on the_content -->","protected":false},"excerpt":{"rendered":"<p>Para el imaginario colectivo de muchos pa\u00edses, a los espa\u00f1oles les corresponde un esp\u00edritu idealista y generoso cuyo paradigma encarnar\u00eda Don Quijote, entreverado a lo sumo por el sentido com\u00fan de su fiel escudero, Sancho Panza. Tal vez se trate \u00fanicamente de un t\u00f3pico, como las leyendas de los bandoleros generosos, las suecas en Benidorm, [&hellip;]<!-- AddThis Advanced Settings generic via filter on get_the_excerpt --><!-- AddThis Share Buttons generic via filter on get_the_excerpt --><\/p>\n","protected":false},"author":13,"featured_media":0,"comment_status":"open","ping_status":"closed","sticky":false,"template":"","format":"standard","meta":[],"categories":[1],"tags":[296,1067],"_links":{"self":[{"href":"https:\/\/blogs.hoy.es\/Juandomingofernandez\/wp-json\/wp\/v2\/posts\/194"}],"collection":[{"href":"https:\/\/blogs.hoy.es\/Juandomingofernandez\/wp-json\/wp\/v2\/posts"}],"about":[{"href":"https:\/\/blogs.hoy.es\/Juandomingofernandez\/wp-json\/wp\/v2\/types\/post"}],"author":[{"embeddable":true,"href":"https:\/\/blogs.hoy.es\/Juandomingofernandez\/wp-json\/wp\/v2\/users\/13"}],"replies":[{"embeddable":true,"href":"https:\/\/blogs.hoy.es\/Juandomingofernandez\/wp-json\/wp\/v2\/comments?post=194"}],"version-history":[{"count":0,"href":"https:\/\/blogs.hoy.es\/Juandomingofernandez\/wp-json\/wp\/v2\/posts\/194\/revisions"}],"wp:attachment":[{"href":"https:\/\/blogs.hoy.es\/Juandomingofernandez\/wp-json\/wp\/v2\/media?parent=194"}],"wp:term":[{"taxonomy":"category","embeddable":true,"href":"https:\/\/blogs.hoy.es\/Juandomingofernandez\/wp-json\/wp\/v2\/categories?post=194"},{"taxonomy":"post_tag","embeddable":true,"href":"https:\/\/blogs.hoy.es\/Juandomingofernandez\/wp-json\/wp\/v2\/tags?post=194"}],"curies":[{"name":"wp","href":"https:\/\/api.w.org\/{rel}","templated":true}]}}