{"id":195,"date":"2010-07-08T21:29:00","date_gmt":"2010-07-08T21:29:00","guid":{"rendered":"http:\/\/blogs.hoy.es\/Juandomingofernandez\/?p=195"},"modified":"2010-07-08T21:29:00","modified_gmt":"2010-07-08T21:29:00","slug":"del-pulpo-al-tulipan","status":"publish","type":"post","link":"https:\/\/blogs.hoy.es\/Juandomingofernandez\/2010\/07\/08\/del-pulpo-al-tulipan\/","title":{"rendered":"Del pulpo al tulip\u00e1n"},"content":{"rendered":"<p>La selecci\u00f3n nacional de f\u00fatbol obra milagros. En el pa\u00eds donde el toro es el totem, aceptamos pulpo como animal de compa\u00f1\u00eda. Al pulpo Paul, para ser precisos. A muchos j\u00f3venes les suena a chino eso del Or\u00e1culo de Delfos, pero les hablas ahora del pulpo Paul y es como si nombraras a un amigo de toda la vida. Hasta la ministra de Medio Ambiente, Elena Espinosa, ha tenido que repetir ante las c\u00e1maras de televisi\u00f3n su propuesta para que la Uni\u00f3n Europea proteja al animalito ante el peligro alem\u00e1n de que se lo zampen a la gallega. Y luego dicen que somos el pa\u00eds de la crispaci\u00f3n&#8230;<\/p>\n<p>Nada m\u00e1s acabar el partido que nos daba el pase a la final del Mundial algunos forofos se regodeaban con las expectativas de enfrentarnos a Holanda: \u00ab\u00a1Este domingo cenamos tulip\u00e1n! \u00a1Este domingo cenamos tulip\u00e1n!\u00bb. Y no salieron a relucir de milagro los Tercios de Flandes y el Gran Duque de Alba. Pero tiempo al tiempo. Me cuenta mi hijo que sus amigos est\u00e1n convencidos de que Naranjito se va a comer la \u2018naranja mec\u00e1nica\u2019. Incluso sin pelar.<\/p>\n<p>Ayer repas\u00e9 algunos titulares de peri\u00f3dicos sobre la victoria de la selecci\u00f3n que entrena Del Bosque. Aunque de forma casi general predominan los que subrayan los aspectos estrictamente deportivos de la cuesti\u00f3n, unos pocos dejan traslucir cu\u00e1l es el color del cristal con que se mira. Por ejemplo, la cr\u00f3nica del corresponsal del peri\u00f3dico italiano \u2018La Repubblica\u2019 en Durban arranca con tintes culturales: \u00abEl Mundial ser\u00e1 una lucha entre Van Gogh y Picasso\u00bb. El franc\u00e9s \u2018Le Parisien\u2019 recurre a la met\u00e1fora: \u00abEspa\u00f1a, solo a un paso del para\u00edso\u00bb. Igual que \u2018La Gazzeta dello Sport\u2019: \u00abEspa\u00f1a \u00a1Qu\u00e9 guapa!\u00bb (en castellano). Los diarios generalistas espa\u00f1oles van desde \u00abLa mejor Espa\u00f1a\u00bb de \u2018El Mundo\u2019 o \u2018La mejor Espa\u00f1a, a la final\u00bb de \u2018El Pa\u00eds\u2019, hasta \u00abLa mejor Espa\u00f1a toca la gloria\u00bb de \u2018Abc\u2019, \u00abChupinazo\u2019, de \u2018La Vanguardia\u2019 o \u00abEspa\u00f1a s\u00ed puede\u2019, de \u2018P\u00fablico\u2019. El toque m\u00e1s localista se percibe en algunos diarios donde se subraya el acento del Bar\u00e7a. As\u00ed, \u2018Mundo Deportivo\u2019 titula: \u00ab\u00a1Puyolazo a la final!\u00bb. Y casi de forma id\u00e9ntica, \u2018Sport\u2019: \u00ab\u00a1Puyolazo! Y finalistas\u00bb.  Yo creo que repasar la prensa nacional e internacional es un buen ejercicio de relajaci\u00f3n tras el \u2018suspense\u2019 del encuentro con Alemania. En algunos casos produce, adem\u00e1s, hilaridad. \u00bfDe qu\u00e9 hablo? Por ejemplo, de esas \u2018divertidas\u2019 declaraciones de I\u00f1aki Anasagasti, tan feliz en sus \u2018provocaciones\u2019 de la gran v\u00edspera:  \u00abYo ma\u00f1ana, apoyar\u00e9 a Alemania\u00bb, que dijo el pasado martes antes de que los Del Bosque acabaran con una a\u00f1eja superstici\u00f3n que acomplejaba a la selecci\u00f3n de Espa\u00f1a.<\/p>\n<p>Sin embargo, me parece que tratar de convertir un campeonato del Mundo en una especie de campo de honor donde librar batallas pol\u00edticas es tambi\u00e9n un disparate. Lo bueno del deporte \u2013en general\u2013 es que permite disolver las diferencias m\u00e1s acentuadas para que nos concentremos en lo que nos une y nos iguala. Que Espa\u00f1a haya llegado hasta esta fase es un \u00e9xito que nos blinda contra la maldici\u00f3n del pesimismo. Ya da igual que el domingo ganemos o perdamos contra Holanda. De hecho, llegar hasta aqu\u00ed es un triunfo. Y quien no quiera percibirlo as\u00ed, que se entretenga en consultar las predicciones del pulpo Paul o vaya compr\u00e1ndose una tarrina de tulip\u00e1n.<\/p>\n<!-- AddThis Advanced Settings generic via filter on the_content --><!-- AddThis Share Buttons generic via filter on the_content -->","protected":false},"excerpt":{"rendered":"<p>La selecci\u00f3n nacional de f\u00fatbol obra milagros. En el pa\u00eds donde el toro es el totem, aceptamos pulpo como animal de compa\u00f1\u00eda. Al pulpo Paul, para ser precisos. A muchos j\u00f3venes les suena a chino eso del Or\u00e1culo de Delfos, pero les hablas ahora del pulpo Paul y es como si nombraras a un amigo [&hellip;]<!-- AddThis Advanced Settings generic via filter on get_the_excerpt --><!-- AddThis Share Buttons generic via filter on get_the_excerpt --><\/p>\n","protected":false},"author":13,"featured_media":0,"comment_status":"open","ping_status":"closed","sticky":false,"template":"","format":"standard","meta":[],"categories":[1],"tags":[517,880,1287],"_links":{"self":[{"href":"https:\/\/blogs.hoy.es\/Juandomingofernandez\/wp-json\/wp\/v2\/posts\/195"}],"collection":[{"href":"https:\/\/blogs.hoy.es\/Juandomingofernandez\/wp-json\/wp\/v2\/posts"}],"about":[{"href":"https:\/\/blogs.hoy.es\/Juandomingofernandez\/wp-json\/wp\/v2\/types\/post"}],"author":[{"embeddable":true,"href":"https:\/\/blogs.hoy.es\/Juandomingofernandez\/wp-json\/wp\/v2\/users\/13"}],"replies":[{"embeddable":true,"href":"https:\/\/blogs.hoy.es\/Juandomingofernandez\/wp-json\/wp\/v2\/comments?post=195"}],"version-history":[{"count":0,"href":"https:\/\/blogs.hoy.es\/Juandomingofernandez\/wp-json\/wp\/v2\/posts\/195\/revisions"}],"wp:attachment":[{"href":"https:\/\/blogs.hoy.es\/Juandomingofernandez\/wp-json\/wp\/v2\/media?parent=195"}],"wp:term":[{"taxonomy":"category","embeddable":true,"href":"https:\/\/blogs.hoy.es\/Juandomingofernandez\/wp-json\/wp\/v2\/categories?post=195"},{"taxonomy":"post_tag","embeddable":true,"href":"https:\/\/blogs.hoy.es\/Juandomingofernandez\/wp-json\/wp\/v2\/tags?post=195"}],"curies":[{"name":"wp","href":"https:\/\/api.w.org\/{rel}","templated":true}]}}