{"id":198,"date":"2010-07-29T23:06:00","date_gmt":"2010-07-29T23:06:00","guid":{"rendered":"http:\/\/blogs.hoy.es\/Juandomingofernandez\/?p=198"},"modified":"2010-07-29T23:06:00","modified_gmt":"2010-07-29T23:06:00","slug":"suerte-y-al-toro","status":"publish","type":"post","link":"https:\/\/blogs.hoy.es\/Juandomingofernandez\/2010\/07\/29\/suerte-y-al-toro\/","title":{"rendered":"Suerte y al toro"},"content":{"rendered":"<p><strong>En \u2018El arte de Birlibirloque\u2019 dice Jos\u00e9 Bergam\u00edn que \u00abel toreo no es espa\u00f1ol, es interplanetario\u00bb. Me temo que en Catalu\u00f1a se lee poco a Bergam\u00edn, o no se le hace mucho caso, que para el caso es lo mismo. Contaba el periodista Carlos Luis \u00c1lvarez que en una ocasi\u00f3n cit\u00f3 a Spinoza y sali\u00f3 en el art\u00edculo Spinola, aquel general de mon\u00f3culo que estuvo a punto de darle la vuelta a la revoluci\u00f3n de los claveles en Portugal. Carlos Luis \u00c1lvarez, \u2018C\u00e1ndido\u2019, explicaba entonces que la cita ven\u00eda a cuento de una disquisici\u00f3n democr\u00e1tica y que no se refer\u00eda a ella para \u00absacar a relucir interioridades, sino con el fin de aclarar que Spinoza no usaba mon\u00f3culo. Me mor\u00eda por hacer  esta puntualizaci\u00f3n\u00bb. <\/p>\n<p>Salvadas las distancias, a m\u00ed me pasa estos d\u00edas como a C\u00e1ndido. Yo quiero referirme al Estatuto catal\u00e1n, sin meterme en otras interioridades, pero en en el art\u00edculo lo que sale es el Parlament y su votaci\u00f3n en contra de la fiesta de los toros. Sospecho que tras el asunto del rechazo a la lidia no late una disquisici\u00f3n democr\u00e1tica, sino una cuesti\u00f3n moral. Los integrantes del Parlament est\u00e1n empe\u00f1ados en salvarnos de lo que consideran una posici\u00f3n moral poco recomendable. Lo malo es que cuando uno abre ese portillo desde una instancia p\u00fablica sabe c\u00f3mo se empieza, pero no c\u00f3mo puede acabar la historia. \u00bfQui\u00e9n pone aqu\u00ed los l\u00edmites? \u00bfCu\u00e1l puede ser la siguiente iniciativa de \u2018moral colectiva\u2019? Si me detengo a imaginarlo, me tiemblan las piernas. <\/p>\n<p>Es dif\u00edcil no percibir el \u2018tufillo\u2019 de intereses pol\u00edticos que se adivina detr\u00e1s de esta guerra oportunista, gratuita y resuelta por el expeditivo m\u00e9todo de la prohibici\u00f3n, aunque sea una prohibici\u00f3n \u2018democr\u00e1tica\u2019, bendecida por el voto de los parlamentarios. <\/p>\n<p>Estas diatribas vienen a reforzar esa cr\u00edtica popular a lo \u2018artificioso\u2019 de algunas preocupaciones pol\u00edticas, capaces de distraerse en problemas de tercera regional y no centrarse en los asuntos de la \u2018Champions League\u2019. Resulta asombroso que al mismo tiempo que un Parlamento, el de Espa\u00f1a, est\u00e1 a punto de consagrar  el despido objetivo con 20 d\u00edas de indemnizaci\u00f3n por a\u00f1o trabajado en los casos de que la empresa alegue simplemente una ca\u00edda significativa de sus ingresos, medio pa\u00eds se enzarce en la guerra de toros s\u00ed o toros no en Catalu\u00f1a. As\u00ed se explica que hasta el Gobierno tercie en la pol\u00e9mica <\/strong><strong>reconociendo que los toros \u00abson cultura\u00bb o que un militante de ERC denuncie a un torero por golpearle con una silla. (Por cierto, ser\u00e1 el torero que hace la estatua de Don Tancredo, que le atiz\u00f3 con sus trastos de lidiar). Para no hablar de los flecos pendientes: el recurso al Constitucional anunciado por los pro-taurinos o el trabajo de ese juzgado barcelon\u00e9s que deber\u00e1 pronunciarse acerca de si los toros \u2018ensogados\u2019 son legales o ilegales. Cuestiones palpitantes. Y de altura. <\/p>\n<p>Antes de que a alguien se le ocurra convertirnos en vegetarianos por  iniciativa popular, procurar\u00e9 aplicarme la dieta de mi buen amigo Diego Bard\u00f3n, ese genio escu\u00e1lido que se empe\u00f1a en correr los maratones de espalda y que solo come carne de toro que haya matado Morante de la Puebla. As\u00ed de sencillo. Y si ya no puedo ver a Jos\u00e9 Tom\u00e1s en la Monumental de Barcelona, lo ver\u00e9 en otras plazas, a ser posible con los toreros de la tierra: Ferrera, Perera y Talavante. Que Dios reparta suerte.<\/strong><\/p>\n<!-- AddThis Advanced Settings generic via filter on the_content --><!-- AddThis Share Buttons generic via filter on the_content -->","protected":false},"excerpt":{"rendered":"<p>En \u2018El arte de Birlibirloque\u2019 dice Jos\u00e9 Bergam\u00edn que \u00abel toreo no es espa\u00f1ol, es interplanetario\u00bb. Me temo que en Catalu\u00f1a se lee poco a Bergam\u00edn, o no se le hace mucho caso, que para el caso es lo mismo. Contaba el periodista Carlos Luis \u00c1lvarez que en una ocasi\u00f3n cit\u00f3 a Spinoza y sali\u00f3 [&hellip;]<!-- AddThis Advanced Settings generic via filter on get_the_excerpt --><!-- AddThis Share Buttons generic via filter on get_the_excerpt --><\/p>\n","protected":false},"author":13,"featured_media":0,"comment_status":"open","ping_status":"closed","sticky":false,"template":"","format":"standard","meta":[],"categories":[1],"tags":[149,205,870,960,1051,1269],"_links":{"self":[{"href":"https:\/\/blogs.hoy.es\/Juandomingofernandez\/wp-json\/wp\/v2\/posts\/198"}],"collection":[{"href":"https:\/\/blogs.hoy.es\/Juandomingofernandez\/wp-json\/wp\/v2\/posts"}],"about":[{"href":"https:\/\/blogs.hoy.es\/Juandomingofernandez\/wp-json\/wp\/v2\/types\/post"}],"author":[{"embeddable":true,"href":"https:\/\/blogs.hoy.es\/Juandomingofernandez\/wp-json\/wp\/v2\/users\/13"}],"replies":[{"embeddable":true,"href":"https:\/\/blogs.hoy.es\/Juandomingofernandez\/wp-json\/wp\/v2\/comments?post=198"}],"version-history":[{"count":0,"href":"https:\/\/blogs.hoy.es\/Juandomingofernandez\/wp-json\/wp\/v2\/posts\/198\/revisions"}],"wp:attachment":[{"href":"https:\/\/blogs.hoy.es\/Juandomingofernandez\/wp-json\/wp\/v2\/media?parent=198"}],"wp:term":[{"taxonomy":"category","embeddable":true,"href":"https:\/\/blogs.hoy.es\/Juandomingofernandez\/wp-json\/wp\/v2\/categories?post=198"},{"taxonomy":"post_tag","embeddable":true,"href":"https:\/\/blogs.hoy.es\/Juandomingofernandez\/wp-json\/wp\/v2\/tags?post=198"}],"curies":[{"name":"wp","href":"https:\/\/api.w.org\/{rel}","templated":true}]}}