{"id":199,"date":"2010-09-02T23:06:00","date_gmt":"2010-09-02T23:06:00","guid":{"rendered":"http:\/\/blogs.hoy.es\/Juandomingofernandez\/?p=199"},"modified":"2010-09-02T23:06:00","modified_gmt":"2010-09-02T23:06:00","slug":"con-alberto-manguel","status":"publish","type":"post","link":"https:\/\/blogs.hoy.es\/Juandomingofernandez\/2010\/09\/02\/con-alberto-manguel\/","title":{"rendered":"Con Alberto Manguel"},"content":{"rendered":"<p><big>Amigo de Jorge Luis Borges, al que sirvi\u00f3 de lector y lazarillo ocasional cuando \u00e9l era tan solo un adolescente y el autor de \u2018El Aleph\u2019 un ciego venerable, Alberto Manguel fue el encargado de leer la primera ponencia en el Congreso Nacional de la Lectura que se celebr\u00f3 en el Complejo Cultural San Francisco de C\u00e1ceres a primeros de abril de 2006.  Yo tuve la oportunidad entonces de hablar con ese argentino, editor y escritor pol\u00edglota, que ha vivido en Israel, en esa fecha profesor de la Universidad de Ontario (Canad\u00e1) y que reside actualmente en un pueblecito de Francia.<\/p>\n<p>Recuerdo que en su conferencia, el autor de libros tan esenciales como  \u2018Una historia de la lectura\u2019 lanz\u00f3 un alegato contra el proceso que transforma la obra de  arte en simple valor econ\u00f3mico, monetario; contra la visi\u00f3n utilitarista o de simple negocio a la hora de crear arte. Rescato la entrevista que le hice aquel d\u00eda y leo: \u00abSi el objetivo es la ganancia, la creatividad sale perdiendo\u00bb. Estaba convencido de que nuestra \u00e9poca se caracteriza por el deseo de lo perecedero y ef\u00edmero. <\/p>\n<p>Acabo de leer en \u2018El Pa\u00eds\u2019 la entrevista que le ha hecho a Manguel en su residencia francesa el tambi\u00e9n escritor y periodista extreme\u00f1o Javier Rodr\u00edguez Marcos. Compruebo que Alberto Manguel no ha cambiado de opini\u00f3n: \u00abEstamos convirtiendo las escuelas en centros de adiestramiento. Han dejado de ser sitios en que la imaginaci\u00f3n se desarrolla gratuitamente, por ninguna otra raz\u00f3n que para desarrollarla, y exigimos que la educaci\u00f3n rinda cuentas\u00bb. \u00abVivimos en una \u00e9poca en la que valores como brevedad, superficialidad, rapidez y simpleza son absolutos. Nunca lo hab\u00edan sido. Los valores que desarrollaron nuestra sociedad fueron los de la dificultad (para aprender a sobrellevar los problemas), la lentitud (para reflexionar y no actuar impulsivamente) y la profundidad (para saber adentrarse en un problema). Si se prescinde de esos valores se obtienen reacciones banales, f\u00e1cilmente manipulables\u00bb. Cabe decirlo m\u00e1s alto, pero no m\u00e1s claro. <\/p>\n<p>Cuando falleci\u00f3 el escritor y periodista Carlos Luis \u00c1lvarez, \u2018C\u00e1ndido\u2019, un articulista que conjug\u00f3 como pocos la inteligencia en el an\u00e1lisis con un humor descre\u00eddo y zumb\u00f3n, su colega Mart\u00edn Prieto escribi\u00f3 un elogio muy certero: \u00abSiempre le admir\u00e9 desde que, adolescente, le\u00ed un art\u00edculo suyo que s\u00f3lo relataba sus reflexiones viendo por una ventana a un obrero apaleando arena&#8230; Era un folio, pero para escribir aquello era requisito previo haber le\u00eddo a Heid<\/big><big>egger\u00bb. En aquel art\u00edculo C\u00e1ndido se val\u00eda de un \u00abasunto elemental\u00bb (algo tan aparentemente anodino como un obrero cargando arena en un cami\u00f3n) para meditar sobre la l\u00f3gica interna de esa realidad y las diversas im\u00e1genes del fen\u00f3meno que percibir\u00edan todas las personas que pasaban por la calle. Y citaba incluso a Bertold Brecht: \u00abLa noche en que fue terminada la muralla china, \u00bfa d\u00f3nde fueron los alba\u00f1iles?\u00bb.   <\/p>\n<p>Todav\u00eda no me veo como el n\u00e1ufrago a punto del rescate. Pero me dar\u00eda con un canto en los dientes si al hablar de Manguel, de Heidegger o de Brecht nadie me preguntara por cu\u00e1nta pasta sal\u00edan a fin de mes o para qu\u00e9 demonios sirve todo lo que han escrito. Y el obrero de la pala, a lo suyo, que siga cargando arena en el cami\u00f3n.<\/big><\/p>\n<!-- AddThis Advanced Settings generic via filter on the_content --><!-- AddThis Share Buttons generic via filter on the_content -->","protected":false},"excerpt":{"rendered":"<p>Amigo de Jorge Luis Borges, al que sirvi\u00f3 de lector y lazarillo ocasional cuando \u00e9l era tan solo un adolescente y el autor de \u2018El Aleph\u2019 un ciego venerable, Alberto Manguel fue el encargado de leer la primera ponencia en el Congreso Nacional de la Lectura que se celebr\u00f3 en el Complejo Cultural San Francisco [&hellip;]<!-- AddThis Advanced Settings generic via filter on get_the_excerpt --><!-- AddThis Share Buttons generic via filter on get_the_excerpt --><\/p>\n","protected":false},"author":13,"featured_media":0,"comment_status":"open","ping_status":"closed","sticky":false,"template":"","format":"standard","meta":[],"categories":[1],"tags":[191,570],"_links":{"self":[{"href":"https:\/\/blogs.hoy.es\/Juandomingofernandez\/wp-json\/wp\/v2\/posts\/199"}],"collection":[{"href":"https:\/\/blogs.hoy.es\/Juandomingofernandez\/wp-json\/wp\/v2\/posts"}],"about":[{"href":"https:\/\/blogs.hoy.es\/Juandomingofernandez\/wp-json\/wp\/v2\/types\/post"}],"author":[{"embeddable":true,"href":"https:\/\/blogs.hoy.es\/Juandomingofernandez\/wp-json\/wp\/v2\/users\/13"}],"replies":[{"embeddable":true,"href":"https:\/\/blogs.hoy.es\/Juandomingofernandez\/wp-json\/wp\/v2\/comments?post=199"}],"version-history":[{"count":0,"href":"https:\/\/blogs.hoy.es\/Juandomingofernandez\/wp-json\/wp\/v2\/posts\/199\/revisions"}],"wp:attachment":[{"href":"https:\/\/blogs.hoy.es\/Juandomingofernandez\/wp-json\/wp\/v2\/media?parent=199"}],"wp:term":[{"taxonomy":"category","embeddable":true,"href":"https:\/\/blogs.hoy.es\/Juandomingofernandez\/wp-json\/wp\/v2\/categories?post=199"},{"taxonomy":"post_tag","embeddable":true,"href":"https:\/\/blogs.hoy.es\/Juandomingofernandez\/wp-json\/wp\/v2\/tags?post=199"}],"curies":[{"name":"wp","href":"https:\/\/api.w.org\/{rel}","templated":true}]}}