{"id":203,"date":"2010-09-30T21:58:00","date_gmt":"2010-09-30T21:58:00","guid":{"rendered":"http:\/\/blogs.hoy.es\/Juandomingofernandez\/?p=203"},"modified":"2010-09-30T21:58:00","modified_gmt":"2010-09-30T21:58:00","slug":"en-nube-del-oso","status":"publish","type":"post","link":"https:\/\/blogs.hoy.es\/Juandomingofernandez\/2010\/09\/30\/en-nube-del-oso\/","title":{"rendered":"En la nube del oso"},"content":{"rendered":"<p>Ayer vimos el oso, pero hoy no podemos vender su piel. Claro que me refiero a la capital cultural europea en 2016. Una compa\u00f1era en la Redacci\u00f3n, con el instinto period\u00edstico de quien tiene la costumbre de concentrar en una frase la actualidad, resumi\u00f3 la cara de funeral que se nos qued\u00f3 a todos diciendo: \u00abDecepci\u00f3n monumental\u00bb.<\/p>\n<p>En 1972 el escritor Torrente Ballester public\u00f3 una novela fant\u00e1stica (en todas las acepciones de esa palabra) titulada: \u2018La saga\/fuga de J.B.\u2019 En esa obra maestra de la literatura espa\u00f1ola, un prodigio de imaginaci\u00f3n y fantas\u00eda, se cuentan historias que transcurren en Castroforte del Baralla, una poblaci\u00f3n que se eleva del suelo y levita hasta las nubes cuando todos sus habitantes se ensimisman y les da por pensar en las mismas cosas, en los mismos afanes.<\/p>\n<p>Compuestos y sin novia, pienso que a C\u00e1ceres le conviene empezar a parecerse un poco a Castroforte del Baralla, pues es obvio que hay vida \u00abm\u00e1s all\u00e1 del 2016\u00bb y que si hasta ahora la carrera hacia la capitalidad del 2016 ha estado pilotada fundamentalmente por las instituciones, ha llegado la hora de que salten al c\u00e9sped otros jugadores, nuevas generaciones de extreme\u00f1os dispuestos a mirar al futuro con optimismo para que, dentro de 14 o 15 a\u00f1os \u2013si la Uni\u00f3n Europea mantiene este mismo sistema\u2013 optar de nuevo a la capitalidad. Quiero decir que no tendr\u00eda sentido arrojar  por la borda un empe\u00f1o cuando el mismo ha sido asumido por buena parte de la ciudadan\u00eda, cuando se ha conseguido que la fe en el proyecto traspase las barreras de lo estrictamente institucional para ser apadrinado por la sociedad en su conjunto.<\/p>\n<p>Es verdad que el chasco ha sido de a\u00fapa. Adi\u00f3s a los ba\u00f1os multitudinarios en El Rodeo y al regocijo general. En un segundo, las miles de camisetas del 2016 repartidas por toda la regi\u00f3n han pasado de ser un fetiche a casi una maldici\u00f3n. Pero despu\u00e9s de pedir perd\u00f3n por la tristeza \u00bfvamos a permanecer impasibles? Me parece que no.<\/p>\n<p> Hay m\u00e1s osos (si me permiten los ecologistas) y Castroforte del Baralla sigue ah\u00ed, ret\u00e1ndonos con su simbolismo. Solamente falta que, repuestos del contratiempo, nos concentremos de nuevo a la espera del conjuro: ese instante en que, sin complejos ni pretensiones infundadas, nos pongamos a pensar en lo mismo, a remar todos en la misma direcci\u00f3n para elevarnos a la nube y levantarnos del suelo. \u00bfQui\u00e9n dijo miedo? Si para el tango veinte a\u00f1os no son nada, menos lo son 14 o 15 para otra capitalidad.<\/p>\n<p>Dec\u00eda Goethe que \u00abno es prudente poner gran confianza en palabras pronunciadas en momentos de emoci\u00f3n\u00bb. Y ayer fue un d\u00eda de emoci\u00f3n, es verdad, y de entusiasmos abatidos. Pero no creo que nadie en un futuro pr\u00f3ximo nos espante la caza ni que nos vayan a cobrar por so\u00f1ar. Sobre todo si el \u00absue\u00f1o\u00bb es \u00fanicamente la imagen de una meta alcanzable, que casi puede acariciarse con la mano, como Mois\u00e9s desde la distancia tocaba la leche y la miel de la tierra prometida.<br \/>\nHay que ponerse ya mismo a trabajar. Y, como los buenos toreros, no descomponer la figura. \u00a1Ah!, y otra cosa: muchas felicidades a las seis capitales preseleccionadas: Burgos, C\u00f3rdoba, San Sebasti\u00e1n, Las Palmas, Segovia y Zarazoga. Lo cort\u00e9s no quita lo valiente.<\/p>\n<!-- AddThis Advanced Settings generic via filter on the_content --><!-- AddThis Share Buttons generic via filter on the_content -->","protected":false},"excerpt":{"rendered":"<p>Ayer vimos el oso, pero hoy no podemos vender su piel. Claro que me refiero a la capital cultural europea en 2016. Una compa\u00f1era en la Redacci\u00f3n, con el instinto period\u00edstico de quien tiene la costumbre de concentrar en una frase la actualidad, resumi\u00f3 la cara de funeral que se nos qued\u00f3 a todos diciendo: [&hellip;]<!-- AddThis Advanced Settings generic via filter on get_the_excerpt --><!-- AddThis Share Buttons generic via filter on get_the_excerpt --><\/p>\n","protected":false},"author":13,"featured_media":0,"comment_status":"open","ping_status":"closed","sticky":false,"template":"","format":"standard","meta":[],"categories":[1],"tags":[499],"_links":{"self":[{"href":"https:\/\/blogs.hoy.es\/Juandomingofernandez\/wp-json\/wp\/v2\/posts\/203"}],"collection":[{"href":"https:\/\/blogs.hoy.es\/Juandomingofernandez\/wp-json\/wp\/v2\/posts"}],"about":[{"href":"https:\/\/blogs.hoy.es\/Juandomingofernandez\/wp-json\/wp\/v2\/types\/post"}],"author":[{"embeddable":true,"href":"https:\/\/blogs.hoy.es\/Juandomingofernandez\/wp-json\/wp\/v2\/users\/13"}],"replies":[{"embeddable":true,"href":"https:\/\/blogs.hoy.es\/Juandomingofernandez\/wp-json\/wp\/v2\/comments?post=203"}],"version-history":[{"count":0,"href":"https:\/\/blogs.hoy.es\/Juandomingofernandez\/wp-json\/wp\/v2\/posts\/203\/revisions"}],"wp:attachment":[{"href":"https:\/\/blogs.hoy.es\/Juandomingofernandez\/wp-json\/wp\/v2\/media?parent=203"}],"wp:term":[{"taxonomy":"category","embeddable":true,"href":"https:\/\/blogs.hoy.es\/Juandomingofernandez\/wp-json\/wp\/v2\/categories?post=203"},{"taxonomy":"post_tag","embeddable":true,"href":"https:\/\/blogs.hoy.es\/Juandomingofernandez\/wp-json\/wp\/v2\/tags?post=203"}],"curies":[{"name":"wp","href":"https:\/\/api.w.org\/{rel}","templated":true}]}}