{"id":204,"date":"2010-10-07T22:15:00","date_gmt":"2010-10-07T22:15:00","guid":{"rendered":"http:\/\/blogs.hoy.es\/Juandomingofernandez\/?p=204"},"modified":"2010-10-07T22:15:00","modified_gmt":"2010-10-07T22:15:00","slug":"tiburon-la-vista","status":"publish","type":"post","link":"https:\/\/blogs.hoy.es\/Juandomingofernandez\/2010\/10\/07\/tiburon-la-vista\/","title":{"rendered":"Tibur\u00f3n a la vista"},"content":{"rendered":"<p><strong>Acabo de leer las tesis del Gobernador del Banco de Espa\u00f1a (MAFO, para sus \u00edntimos) y se me sube a la cabeza una vena \u00e1crata que cre\u00eda abolida desde mi juventud. Su diatriba contra las administraciones encargadas de los gastos sociales \u2013en teor\u00eda con el plausible objetivo de reducir el d\u00e9ficit p\u00fablico\u2013 es como reparar en el dedo que se\u00f1ala la luna en vez de fijarse en el propio sat\u00e9lite. Este ap\u00f3stol del \u00abcapitalismo salvaje\u00bb, ha hecho que recuerde a Bertold Brecht, quien sosten\u00eda que era \u00abmucho m\u00e1s grave <\/strong><strong>fundar un banco que robarlo\u00bb. Y al viejo Proudhon de \u00abToda propiedad es un robo\u00bb. Las tesis del gobernador del Banco de Espa\u00f1a me han hecho a\u00f1orar incluso los tiempos en que la Iglesia Cat\u00f3lica condenaba la usura o prestar dinero con inter\u00e9s. <\/p>\n<p>Harto de o\u00edr y de leer que esta crisis no la han provocado quienes se esfuerzan ocho, diez o doce horas diarias en sus trabajos ni los parados que buscan algo que llevarse a la boca, ahora nos viene MAFO apelando a la macroeconom\u00eda y a las exigencias de los organismos internacionales (\u00bfde control?) tras los que campan, semi embozados, los grandes culpables del desastre: un sistema financiero siempre h\u00e1bil a la hora del escaqueo y de pasarle el muerto a los paganinis de turno. Qu\u00e9 desatino. Y qu\u00e9 iron\u00eda.<\/p>\n<p>Habr\u00eda que preguntar al gobernador del Banco de Espa\u00f1a qu\u00e9 le parecen las declaraciones de Alicia B\u00e1rcena, secretaria ejecutiva de la CEPAL (Comisi\u00f3n Econ\u00f3mica de Am\u00e9rica Latina), dependiente de Naciones Unidas, quien en una entrevista publicada ayer en \u2018El Pa\u00eds\u2019 confesaba l\u00facidamente que \u00abel problema es la crisis financiera, no el Estado de bienestar\u00bb y que habr\u00eda que \u00absentar en el banquillo al sistema financiero\u00bb. \u00bfA nadie se le ha ocurrido todav\u00eda establecer una Corte Internacional para juzgar a todos esos s\u00e1trapas? Pues ya es hora. <\/p>\n<p>Con la excusa de que la \u2018globalizaci\u00f3n\u2019 ha consagrado un sistema econ\u00f3mico en el que la gran banca siempre es la dama intocable, estos trileros de la econom\u00eda nos dan continuamente el timo del toco-mocho o meten con descaro sus manos en nuestros bolsillos. En esa entrevista opina Alicia B\u00e1rcena: \u00abSiempre es mucho m\u00e1s dolorosa, tardada y costosa la recuperaci\u00f3n social que la econ\u00f3mica\u00bb. A ver si repara MAFO en el detalle. O los que se proponen dejar en cueros al Pacto de Toledo: con m\u00e1s reforma laboral, retraso en la edad jubilaci\u00f3n y otras menudencias&#8230; para que los mercados financieros puedan dormir tranquilos y ponerse a silbar, mirando al cielo. <\/p>\n<p>En mi cuaderno de trabajo tengo enmarcada una cita del cient\u00edfico norteamericano George W. Carver: \u00abTu \u00e9xito en la vida depende de tu ternura con el joven, tu compasi\u00f3n con el anciano, tu simpat\u00eda con el necesitado y tu tolerancia con el d\u00e9bil y con el fuerte. Porque te tocar\u00e1 ser todos ellos\u00bb. La releo a diario. Y me parece que la tengo \u2018interiorizada\u2019 en toda su extensi\u00f3n. \u00danicamente se me atraganta ese texto tan evang\u00e9lico y bien intencionado al llegar a la parte del \u00abfuerte\u00bb. Sobre todo si al pensar en los \u00abfuertes\u00bb incluyo al banco de tiburones del sistema financiero internacional, cuya salvaguarda garantizan propuestas como las del gobernador del Banco de Espa\u00f1a. Confieso que en esas circunstancias m\u00e1s que de George W. Carver, me acuerdo de Proudhon y de Bertold Brecht. <\/strong><\/p>\n<!-- AddThis Advanced Settings generic via filter on the_content --><!-- AddThis Share Buttons generic via filter on the_content -->","protected":false},"excerpt":{"rendered":"<p>Acabo de leer las tesis del Gobernador del Banco de Espa\u00f1a (MAFO, para sus \u00edntimos) y se me sube a la cabeza una vena \u00e1crata que cre\u00eda abolida desde mi juventud. Su diatriba contra las administraciones encargadas de los gastos sociales \u2013en teor\u00eda con el plausible objetivo de reducir el d\u00e9ficit p\u00fablico\u2013 es como reparar [&hellip;]<!-- AddThis Advanced Settings generic via filter on get_the_excerpt --><!-- AddThis Share Buttons generic via filter on get_the_excerpt --><\/p>\n","protected":false},"author":13,"featured_media":0,"comment_status":"open","ping_status":"closed","sticky":false,"template":"","format":"standard","meta":[],"categories":[1],"tags":[296,538,1059],"_links":{"self":[{"href":"https:\/\/blogs.hoy.es\/Juandomingofernandez\/wp-json\/wp\/v2\/posts\/204"}],"collection":[{"href":"https:\/\/blogs.hoy.es\/Juandomingofernandez\/wp-json\/wp\/v2\/posts"}],"about":[{"href":"https:\/\/blogs.hoy.es\/Juandomingofernandez\/wp-json\/wp\/v2\/types\/post"}],"author":[{"embeddable":true,"href":"https:\/\/blogs.hoy.es\/Juandomingofernandez\/wp-json\/wp\/v2\/users\/13"}],"replies":[{"embeddable":true,"href":"https:\/\/blogs.hoy.es\/Juandomingofernandez\/wp-json\/wp\/v2\/comments?post=204"}],"version-history":[{"count":0,"href":"https:\/\/blogs.hoy.es\/Juandomingofernandez\/wp-json\/wp\/v2\/posts\/204\/revisions"}],"wp:attachment":[{"href":"https:\/\/blogs.hoy.es\/Juandomingofernandez\/wp-json\/wp\/v2\/media?parent=204"}],"wp:term":[{"taxonomy":"category","embeddable":true,"href":"https:\/\/blogs.hoy.es\/Juandomingofernandez\/wp-json\/wp\/v2\/categories?post=204"},{"taxonomy":"post_tag","embeddable":true,"href":"https:\/\/blogs.hoy.es\/Juandomingofernandez\/wp-json\/wp\/v2\/tags?post=204"}],"curies":[{"name":"wp","href":"https:\/\/api.w.org\/{rel}","templated":true}]}}