{"id":205,"date":"2010-10-14T22:26:00","date_gmt":"2010-10-14T22:26:00","guid":{"rendered":"http:\/\/blogs.hoy.es\/Juandomingofernandez\/?p=205"},"modified":"2010-10-14T22:26:00","modified_gmt":"2010-10-14T22:26:00","slug":"la-mina-y-g-h","status":"publish","type":"post","link":"https:\/\/blogs.hoy.es\/Juandomingofernandez\/2010\/10\/14\/la-mina-y-g-h\/","title":{"rendered":"De la mina a G.H."},"content":{"rendered":"<p><strong>La tierra los engull\u00f3 y han sobrevivido. Ahora corren el riesgo de quedar sepultados bajo el fulgor de su haza\u00f1a. La memoria tiene m\u00e1s densidad que las piedras. A\u00fan nos conmueve la fuerza de algunas historias personales: desde la del \u2018divertido\u2019 Mario Antonio Sep\u00falveda, que confesaba haber estado con Dios y con el diablo, pero que \u00abgan\u00f3 Dios\u00bb porque \u00e9l se hab\u00eda agarrado \u00aba la mejor mano\u00bb, hasta la de la esposa de Yonni Barrios, que mostr\u00f3 su dignidad e indignaci\u00f3n porque tambi\u00e9n se hab\u00eda desplazado hasta el campamento minero \u00abla otra\u00bb, la amante, a recibir a su marido. <\/p>\n<p>Los 33 supervivientes acaban de salir de un sarc\u00f3fago a 700 metros de profundidad y si Dios no lo remedia llevan camino de adentrarse en las arenas movedizas de la fama inveros\u00edmil, de esa popularidad de cart\u00f3n piedra con la que trabajan ciertos medios de comunicaci\u00f3n de masas. \u00bfLes han  vacunado contra ese virus a los nuevos n\u00e1ufragos? \u00bfQui\u00e9nes les van a adiestrar contra los cantos de sirena del dinero f\u00e1cil o del protagonismo perecedero? \u00bfSe convertir\u00e1n en penitentes de lujo, o definitivamente le haremos caso al simp\u00e1tico Mario Antonio Sep\u00falveda cuando nos pide que no le tratemos como artista ni como periodista porque \u00e9l quiere seguir siendo \u00abel trabajador\u00bb, \u00abel minero\u00bb, que ha nacido \u00abpara morir amarradito al yugo\u00bb?   <\/p>\n<p>A m\u00ed me han sorprendido varias circunstancias de este rescate \u00abplanetario\u00bb. Por ejemplo, \u00bfcu\u00e1ntas veces durante los 70 d\u00edas de angustia hubieran aprovechado las fuerzas pol\u00edticas \u2013de uno y otro signo\u2013 para arremeter contra los responsables de la operaci\u00f3n y pescar en r\u00edo revuelto si en vez de Chile la desgracia hubiera sucedido en Espa\u00f1a? Me imagino las declaraciones de pol\u00edticos, empresarios, sindicalistas o t\u00e9cnicos de variado calado, incluidos los juicios \u2018ex-catedra\u2019 de las barras de los bares&#8230;<br \/>\n<\/strong><br \/>\n<strong>\u00bfCu\u00e1nto tardar\u00edan algunas televisiones, por ejemplo, en \u2018rentabilizar\u2019 los formidables gastos del rescate proponiendo que se aproveche toda esa infraestructura para montar programas tipo \u2018Gran Hermano\u2019 con concursantes dispuestos a reproducir para mayor gloria del \u00abespect\u00e1culo televisivo\u00bb las condiciones de vida dentro del agujero? <\/p>\n<p>Las posibilidades son casi infinitas. Desde convertir el Campamento Esperanza en atracci\u00f3n tur\u00edstica internacional hasta comercializar las rocas de la mina como un \u2018souvenirs\u2019 m\u00e1s. Y tiro porque me toca. <\/p>\n<p>La vida diaria erosiona m\u00e1s que las excavadoras.  Es m\u00e1s dura que el diamante. Durante los pr\u00f3ximos d\u00edas podr\u00e1n comprobarlo estos 33 h\u00e9roes forzados por el destino en un desierto chileno. Si alguno pierde la cabeza, al menos le quedar\u00e1 el consuelo de que ya sobrevivi\u00f3 a \u00abese mar de rocas\u00bb que la naturaleza (\u00bfo las deficitarias condiciones de la explotaci\u00f3n minera?) le atenaz\u00f3 una vez en las profundidades de la tierra. <\/p>\n<p>Los psic\u00f3logos les han advertido, por lo visto, de que no volver\u00e1n a ser los que fueron, de que nadie regatea impunemente a una desgracia tan descomunal. Ahora veremos qui\u00e9n les advierte de que la m\u00e1quina descontrolada de la popularidad se ha puesto en marcha y sabremos si van a subastar al mejor postor el relato de su odisea. Porque me temo que para ese viaje no hay chaleco salvavidas, ni casco protector ni c\u00e1psula de rescate dise\u00f1adas por la NASA.<\/strong><\/p>\n<!-- AddThis Advanced Settings generic via filter on the_content --><!-- AddThis Share Buttons generic via filter on the_content -->","protected":false},"excerpt":{"rendered":"<p>La tierra los engull\u00f3 y han sobrevivido. Ahora corren el riesgo de quedar sepultados bajo el fulgor de su haza\u00f1a. La memoria tiene m\u00e1s densidad que las piedras. A\u00fan nos conmueve la fuerza de algunas historias personales: desde la del \u2018divertido\u2019 Mario Antonio Sep\u00falveda, que confesaba haber estado con Dios y con el diablo, pero [&hellip;]<!-- AddThis Advanced Settings generic via filter on get_the_excerpt --><!-- AddThis Share Buttons generic via filter on get_the_excerpt --><\/p>\n","protected":false},"author":13,"featured_media":0,"comment_status":"open","ping_status":"closed","sticky":false,"template":"","format":"standard","meta":[],"categories":[1],"tags":[230,856,1242],"_links":{"self":[{"href":"https:\/\/blogs.hoy.es\/Juandomingofernandez\/wp-json\/wp\/v2\/posts\/205"}],"collection":[{"href":"https:\/\/blogs.hoy.es\/Juandomingofernandez\/wp-json\/wp\/v2\/posts"}],"about":[{"href":"https:\/\/blogs.hoy.es\/Juandomingofernandez\/wp-json\/wp\/v2\/types\/post"}],"author":[{"embeddable":true,"href":"https:\/\/blogs.hoy.es\/Juandomingofernandez\/wp-json\/wp\/v2\/users\/13"}],"replies":[{"embeddable":true,"href":"https:\/\/blogs.hoy.es\/Juandomingofernandez\/wp-json\/wp\/v2\/comments?post=205"}],"version-history":[{"count":0,"href":"https:\/\/blogs.hoy.es\/Juandomingofernandez\/wp-json\/wp\/v2\/posts\/205\/revisions"}],"wp:attachment":[{"href":"https:\/\/blogs.hoy.es\/Juandomingofernandez\/wp-json\/wp\/v2\/media?parent=205"}],"wp:term":[{"taxonomy":"category","embeddable":true,"href":"https:\/\/blogs.hoy.es\/Juandomingofernandez\/wp-json\/wp\/v2\/categories?post=205"},{"taxonomy":"post_tag","embeddable":true,"href":"https:\/\/blogs.hoy.es\/Juandomingofernandez\/wp-json\/wp\/v2\/tags?post=205"}],"curies":[{"name":"wp","href":"https:\/\/api.w.org\/{rel}","templated":true}]}}