{"id":206,"date":"2010-10-21T22:08:00","date_gmt":"2010-10-21T22:08:00","guid":{"rendered":"http:\/\/blogs.hoy.es\/Juandomingofernandez\/?p=206"},"modified":"2010-10-21T22:08:00","modified_gmt":"2010-10-21T22:08:00","slug":"bien-altura","status":"publish","type":"post","link":"https:\/\/blogs.hoy.es\/Juandomingofernandez\/2010\/10\/21\/bien-altura\/","title":{"rendered":"Bien de altura"},"content":{"rendered":"<p><strong>La noticia ocup\u00f3 apenas un breve en este diario: \u00abSe sube a un tejado para \u2018leer con tranquilidad\u2019\u00bb. A los pocos minutos se hab\u00edan multiplicado los comentarios en la web y en las redes sociales. Nadie se acord\u00f3 de Sim\u00f3n el Estilita, aquel asceta que decidi\u00f3 alejarse de las molestias que le causaban quienes se acercaban a la cueva donde viv\u00eda y pas\u00f3 los \u00faltimos 37 a\u00f1os de su vida haciendo penitencia sobre una columna de varios metros de altura. Ni de la \u2018Valentina\u2019 de \u2018Cr\u00f3nica del alba\u2019, de Ram\u00f3n J. Sender, donde el coprotagonista pasaba tantos ratos sobre el tejado, conviviendo con sus desasosiegos. <\/p>\n<p>La verdad es que en los edificios de las ciudades no debe de resultar f\u00e1cil encaramarse a los tejados. Por eso se justifican algunos comentarios en la Red: <\/p>\n<p>\u00abLa cultura tiene sus riesgos\u00bb. <\/p>\n<p>\u00abEso es dejar volar la imaginaci\u00f3n\u00bb. <\/p>\n<p>\u00abQue le den un premio a la lectura\u00bb. <\/p>\n<p>O la propuesta de alg\u00fan lector, sugiriendo una \u2018reformulaci\u00f3n\u2019 de la historia period\u00edstica: \u00abLa noticia deber\u00eda ser: La Polic\u00eda redujo ayer al delincuente sevillano conocido como \u00abel lector\u00bb. Seg\u00fan fuentes cercanas al Gobierno, el sospechoso fue acorralado por la Polic\u00eda en un tejado de la zona de las 232 Viviendas, armado con un libro. La captura pudo llevarse a cabo gracias la denuncia de un vecino, alertado por el inusual silencio y educaci\u00f3n que mostraba el sujeto. \u2018Nunca ve\u00eda la televisi\u00f3n y siempre daba los buenos d\u00edas\u2019, declar\u00f3\u00bb. <\/p>\n<p>Al hilo de las alturas, yo me acord\u00e9 de \u2018El bar\u00f3n rampante\u2019, de Italo Calvino, con aquella met\u00e1fora de rebeld\u00eda contra el mundo. Y de \u2018Amarcord\u2019, de Fellini, con el personaje que trepaba hasta un \u00e1rbol de gran altura para gritar a los cuatro vientos: \u00ab\u00a1Quiero una donna!\u00bb, un obsesivo al que nadie devolv\u00eda al suelo, excepto la monjita del psiqui\u00e1trico, en\u00e9rgica y maridispuesta.  <\/p>\n<p>Mi amiga la periodista Mar Arias se acord\u00f3 de \u2018Las v\u00edrgenes suicidas\u2019, de Sof\u00eda Coppola, donde una de las hijas tambi\u00e9n se sub\u00eda al tejado para protestar por la opresi\u00f3n de sus padres. Paco Hurtado, senior, record\u00f3 a Topol, el actor protagonista de \u2018El violinista en el tejado\u2019&#8230; Supongo que el tema dar\u00eda para un tratado de erudici\u00f3n literaria y cinematogr\u00e1fica. Y tambi\u00e9n para un buen anecdotario inspirado en casos reales. Seguro que los evolucionistas son capaces de hallar el rasgo at\u00e1vico que nos empuja a trepar a los \u00e1rboles, a lo alto, como nuestros antepasados los monos.<\/p>\n<p>Recuerdo ahora que, de ni\u00f1o, nos ense\u00f1aban unos ripios para que aprendi\u00e9ramos a distinguir las palabras esdr\u00fajulas y acentuarlas debidamente: \u00abEn tiempos de los apostooooles, hab\u00eda unos hombres barbaaaaaros que se sub\u00edan a los arboooooles para coger los pajaaaaaros\u00bb.<\/p>\n<p>A m\u00ed lo que m\u00e1s me interesa de la historia del joven que se subi\u00f3 al tejado de ese edificio cacere\u00f1o no son las razones por las que lo hizo \u2013pues ya las confes\u00f3 de forma breve y transparente: \u00abpara leer con tranquilidad\u00bb\u2013, ni las dificultades o peligros que tuvo que sortear hasta encontrar un lugar propicio para la lectura. Lo que me tiene en vilo es no saber qu\u00e9 libro estaba leyendo, qu\u00e9 joya de la literatura le reclamaba un aposento tan fant\u00e1stico. Si la editorial o el autor se enterasen, no encontrar\u00edan mejor publicidad para promocionarla: \u00abLa obra que te empuja a leer en el tejado\u00bb.<\/strong><\/p>\n<!-- AddThis Advanced Settings generic via filter on the_content --><!-- AddThis Share Buttons generic via filter on the_content -->","protected":false},"excerpt":{"rendered":"<p>La noticia ocup\u00f3 apenas un breve en este diario: \u00abSe sube a un tejado para \u2018leer con tranquilidad\u2019\u00bb. A los pocos minutos se hab\u00edan multiplicado los comentarios en la web y en las redes sociales. Nadie se acord\u00f3 de Sim\u00f3n el Estilita, aquel asceta que decidi\u00f3 alejarse de las molestias que le causaban quienes se [&hellip;]<!-- AddThis Advanced Settings generic via filter on get_the_excerpt --><!-- AddThis Share Buttons generic via filter on get_the_excerpt --><\/p>\n","protected":false},"author":13,"featured_media":0,"comment_status":"open","ping_status":"closed","sticky":false,"template":"","format":"standard","meta":[],"categories":[1],"tags":[987],"_links":{"self":[{"href":"https:\/\/blogs.hoy.es\/Juandomingofernandez\/wp-json\/wp\/v2\/posts\/206"}],"collection":[{"href":"https:\/\/blogs.hoy.es\/Juandomingofernandez\/wp-json\/wp\/v2\/posts"}],"about":[{"href":"https:\/\/blogs.hoy.es\/Juandomingofernandez\/wp-json\/wp\/v2\/types\/post"}],"author":[{"embeddable":true,"href":"https:\/\/blogs.hoy.es\/Juandomingofernandez\/wp-json\/wp\/v2\/users\/13"}],"replies":[{"embeddable":true,"href":"https:\/\/blogs.hoy.es\/Juandomingofernandez\/wp-json\/wp\/v2\/comments?post=206"}],"version-history":[{"count":0,"href":"https:\/\/blogs.hoy.es\/Juandomingofernandez\/wp-json\/wp\/v2\/posts\/206\/revisions"}],"wp:attachment":[{"href":"https:\/\/blogs.hoy.es\/Juandomingofernandez\/wp-json\/wp\/v2\/media?parent=206"}],"wp:term":[{"taxonomy":"category","embeddable":true,"href":"https:\/\/blogs.hoy.es\/Juandomingofernandez\/wp-json\/wp\/v2\/categories?post=206"},{"taxonomy":"post_tag","embeddable":true,"href":"https:\/\/blogs.hoy.es\/Juandomingofernandez\/wp-json\/wp\/v2\/tags?post=206"}],"curies":[{"name":"wp","href":"https:\/\/api.w.org\/{rel}","templated":true}]}}