{"id":207,"date":"2010-10-29T11:00:00","date_gmt":"2010-10-29T11:00:00","guid":{"rendered":"http:\/\/blogs.hoy.es\/Juandomingofernandez\/?p=207"},"modified":"2010-10-29T11:00:00","modified_gmt":"2010-10-29T11:00:00","slug":"tirarse-las-orejas","status":"publish","type":"post","link":"https:\/\/blogs.hoy.es\/Juandomingofernandez\/2010\/10\/29\/tirarse-las-orejas\/","title":{"rendered":"Tirarse de las orejas"},"content":{"rendered":"<p><strong>En nuestro pa\u00eds tenemos una generaci\u00f3n de j\u00f3venes que miran al futuro como aquel personaje de Trujillo que al llegar a la altura del cementerio aceleraba el paso y se pon\u00eda la mano en la mejilla, a modo de anteojera, para no ver el camposanto&#8230;  Paraj\u00f3dicamente \u2013y no es errata\u2013, jam\u00e1s hemos contado con unas generaciones tan preparadas y dispuestas a pasar, como Groucho Marx, de la nada a las m\u00e1s altas cimas de la miseria. <\/p>\n<p>Al igual que esos pesimistas que confiesan no tener otro camino que el de la c\u00e1rcel o el cementerio, a muchos de los j\u00f3venes espa\u00f1oles de ahora no les queda m\u00e1s remedio que hacer las maletas y sacar billete para el extranjero. Eso s\u00ed, cargados de t\u00edtulos, con una formaci\u00f3n impecable y unos curr\u00edculos cum laude. El \u00faltimo, que apague la luz. <\/p>\n<p>Es cierto que algunos optan no por vivir, sino por sobrevivir, regate\u00e1ndole a la adversidad y a la falta de expectativas, aferrados al terru\u00f1o y confiando en no acabar como unos damnificados m\u00e1s mientras contemplan el partido desde el banquillo. Otros, sin embargo, no est\u00e1n dispuestos a perder ni un solo segundo d\u00e1ndole oportunidades a los aur\u00edspices de la econom\u00eda, a los sumo sacerdotes de los mercados, como se dice ahora, y sus caprichosos vaivenes. <\/p>\n<p>No me extra\u00f1a que con este panorama se sientan tentados por el pataleo. Y no acepten deslumbrarse con las cuentas de colores que se les ofrece de cebo, o de reclamo. Me recuerdan el \u2018estado de \u00e1nimo\u2019 que debi\u00f3 de sufrir el poeta Heberto Padilla cuando escribi\u00f3 su famoso \u2013y pol\u00e9mico\u2013 \u2018Fuera de juego\u2019: <\/p>\n<p>\u00ab\u00a1Al poeta desp\u00eddanlo!<br \/>\n\u00c9se no tiene aqu\u00ed nada que hacer.<br \/>\nNo entra en el juego.<br \/>\nNo se entusiasma.<br \/>\nNo pone en claro su mensaje.<br \/>\nNo repara siquiera en los milagros.<br \/>\nSe pasa el d\u00eda entero cavilando.<br \/>\nEncuentra siempre algo que objetar.<br \/>\nA ese tipo, \u00a1desp\u00eddanlo!<br \/>\nEchen a un lado al aguafiestas,<br \/>\na ese malhumorado<br \/>\ndel verano,<br \/>\ncon gafas negras<br \/>\nbajo el sol que nace.<br \/>\nSiempre le sedujeron las andanzas<br \/>\ny las bellas cat\u00e1strofes<br \/>\ndel tiempo sin Historia\u00bb. <\/p>\n<p>Cuando yo era ni\u00f1o, una de mis abuelas, me recriminaba cualquier descuido en las obligaciones con una frase admonitoria:  \u00ab\u00a1Ten cuidado, no vaya a llegar el d\u00eda que quieras tirarte de las orejas y no te las encuentres!\u00bb  En la actualidad, los j\u00f3venes no tienen que tirarse de las orejas, sino tap\u00e1rselas. Para no enfrentarse, como le suced\u00eda a aquel personaje trujillano, con un futuro que te hiela la sonrisa. <\/p>\n<p>Vivimos tiempos en los que saber idiomas no es signo de distinci\u00f3n, sino un tr\u00e1mite para la supervivencia. La mayor\u00eda de los pa\u00edses europeos nos llevan en ese terreno varios largos de distancia. Y es verdad que braceamos cada vez mejor. Alg\u00fan pol\u00edtico ha propuesto que se proyecten las pel\u00edculas en versi\u00f3n original para que el o\u00eddo de nuestros infantes se vaya acostumbrado a la musicalidad de otras lenguas. Me parece de perlas. Lo que no s\u00e9 es si la medida llegar\u00e1 a tiempo, pues para entonces es posible que buena parte de los j\u00f3venes est\u00e9n luchando contra las estad\u00edsticas del paro en medio mundo o no tengan m\u00e1s remedio que apuntarse a los \u2018realitys\u2019 de las televisiones para sacarse unas perrillas. As\u00ed que bien pensado, mejor que subvencionar al cine o a las escuelas de idiomas, que nos pongan en ingl\u00e9s La Noria y S\u00e1lvame de Luxe.<\/strong><\/p>\n<!-- AddThis Advanced Settings generic via filter on the_content --><!-- AddThis Share Buttons generic via filter on the_content -->","protected":false},"excerpt":{"rendered":"<p>En nuestro pa\u00eds tenemos una generaci\u00f3n de j\u00f3venes que miran al futuro como aquel personaje de Trujillo que al llegar a la altura del cementerio aceleraba el paso y se pon\u00eda la mano en la mejilla, a modo de anteojera, para no ver el camposanto&#8230; Paraj\u00f3dicamente \u2013y no es errata\u2013, jam\u00e1s hemos contado con unas [&hellip;]<!-- AddThis Advanced Settings generic via filter on get_the_excerpt --><!-- AddThis Share Buttons generic via filter on get_the_excerpt --><\/p>\n","protected":false},"author":13,"featured_media":0,"comment_status":"open","ping_status":"closed","sticky":false,"template":"","format":"standard","meta":[],"categories":[1],"tags":[],"_links":{"self":[{"href":"https:\/\/blogs.hoy.es\/Juandomingofernandez\/wp-json\/wp\/v2\/posts\/207"}],"collection":[{"href":"https:\/\/blogs.hoy.es\/Juandomingofernandez\/wp-json\/wp\/v2\/posts"}],"about":[{"href":"https:\/\/blogs.hoy.es\/Juandomingofernandez\/wp-json\/wp\/v2\/types\/post"}],"author":[{"embeddable":true,"href":"https:\/\/blogs.hoy.es\/Juandomingofernandez\/wp-json\/wp\/v2\/users\/13"}],"replies":[{"embeddable":true,"href":"https:\/\/blogs.hoy.es\/Juandomingofernandez\/wp-json\/wp\/v2\/comments?post=207"}],"version-history":[{"count":0,"href":"https:\/\/blogs.hoy.es\/Juandomingofernandez\/wp-json\/wp\/v2\/posts\/207\/revisions"}],"wp:attachment":[{"href":"https:\/\/blogs.hoy.es\/Juandomingofernandez\/wp-json\/wp\/v2\/media?parent=207"}],"wp:term":[{"taxonomy":"category","embeddable":true,"href":"https:\/\/blogs.hoy.es\/Juandomingofernandez\/wp-json\/wp\/v2\/categories?post=207"},{"taxonomy":"post_tag","embeddable":true,"href":"https:\/\/blogs.hoy.es\/Juandomingofernandez\/wp-json\/wp\/v2\/tags?post=207"}],"curies":[{"name":"wp","href":"https:\/\/api.w.org\/{rel}","templated":true}]}}