{"id":208,"date":"2010-11-04T21:21:00","date_gmt":"2010-11-04T21:21:00","guid":{"rendered":"http:\/\/blogs.hoy.es\/Juandomingofernandez\/?p=208"},"modified":"2010-11-04T21:21:00","modified_gmt":"2010-11-04T21:21:00","slug":"nombre-y-apellidos","status":"publish","type":"post","link":"https:\/\/blogs.hoy.es\/Juandomingofernandez\/2010\/11\/04\/nombre-y-apellidos\/","title":{"rendered":"Nombre y apellidos"},"content":{"rendered":"<p><strong>Se llamaba Diego Rodr\u00edguez de Silva y Vel\u00e1zquez, pero para el mundo es, sencillamente, Vel\u00e1zquez. El otro se llamaba Pablo Ruiz Picasso, pero se inclin\u00f3 muy pronto por el apellido materno para poner patas arriba la historia del arte moderno. Otro fue inscrito como Ricardo Eli\u00e9cer Neftal\u00ed Reyes Basalto, pero gan\u00f3 el Nobel y escribi\u00f3 versos memorables que firm\u00f3 como Pablo Neruda. Francisco P\u00e9rez Mart\u00ednez siempre dej\u00f3 en una nebulosa su origen familiar, pero a los lectores les bast\u00f3 con saber que era Francisco Umbral.   <\/p>\n<p>Si el proyecto de ley sale adelante, dir\u00e9 adi\u00f3s al Libro de Familia, con la de veces que tuve que presentar fotocopia del de mis padres para matr\u00edculas acad\u00e9micas, rebajas en los billetes de tren o de autob\u00fas y otras diligencias, y me despedir\u00e9 del m\u00edo, que tambi\u00e9n he tenido que fotocopiar repetidas veces. Menos papeleo. Sin embargo, sospecho que no es la impresi\u00f3n general. Habr\u00e1 quien aplauda esta medida con razones m\u00e1s que justificadas, pero al com\u00fan de los mortales lo primero que se les viene a la cabeza son unas cuantas preguntas: \u00bfY a cuento de qu\u00e9? \u00bfResulta imprescindible? \u00bfNo pueden solucionarse los casos particulares sin echar por tierra un sistema de registro que la mayor\u00eda nunca ha rechazado? \u00bfSale gratis? \u00bfEs para entretener al personal? <\/p>\n<p>Es probable que la biodiversidad animal y vegetal del planeta est\u00e9 m\u00e1s garantizada a partir de ahora que la biodiversidad de los apellidos espa\u00f1oles, pues de prosperar este proyecto de ley de Registro Civil, en pocas generaciones \u00fanicamente sobrevivir\u00e1n los apellidos que comiencen por las primeras letras del alfabeto. <\/p>\n<p>Acaso no haya que dramatizar. Si como se dice, el nombre no hace al hombre, cu\u00e1nto m\u00e1s el apellido. Al fin y al cabo, la historia est\u00e1 llena de exp\u00f3sitos a los que se les impuso un apellido arbitrario o al azar y qui\u00e9n se acuerda ahora del tr\u00e1mite. <\/p>\n<p>Igual que sobran ejemplos de hijos que han arrastrado por el barro del oprobio los apellidos heredados. Por rimbombantes que fueran. Si el destino es convertirnos en simples n\u00fameros de un registro, \u00bfqu\u00e9 m\u00e1s da unas letras, o el orden en que se coloquen? <\/p>\n<p>\u00bfQu\u00e9 mejor ejemplo, por cierto, que el de las redes sociales, que se han convertido en factor\u00edas capaces de satisfacer el deseo de nombres a capricho? De ah\u00ed el \u2018nick\u2019 que uno escoge libremente para agazaparse en el anonimato y ser \u2018identificado\u2019 por el resto de la comunidad. Si en ese universo de los sue\u00f1os uno puede elegir nombre, apellidos y hasta el rostro que desee, \u00bfqu\u00e9 importa que nos vayan a trastocar la her\u00e1ldica cotidiana? Algunos han comenzado a mosquearse porque concluyen que la desaparici\u00f3n del Libro de Familia equivale a la desaparici\u00f3n real de la familia. \u00bfPero qu\u00e9 familia ni ocho cuartos existe en las redes? Y es ya el futuro. Y el presente. <\/p>\n<p>Le he o\u00eddo contar a mi madre que cuando mi abuela (su madre) era peque\u00f1a se utilizaba una f\u00f3rmula coloquial para preguntar la identidad de los ni\u00f1os. No era el popular: \u00ab\u00bfY t\u00fa de qui\u00e9n eres?\u00bb sino: \u00abNi\u00f1o, \u00bfde cuyo pan comes?\u00bb Imagino qu\u00e9 hubiera ocurrido con aquella costumbre de haberse aprobado entonces el proyecto de ley que tramitar\u00e1 el Congreso. M\u00e1s que interesarse por una identidad lo estar\u00edan haciendo por un laberinto.<\/strong><\/p>\n<!-- AddThis Advanced Settings generic via filter on the_content --><!-- AddThis Share Buttons generic via filter on the_content -->","protected":false},"excerpt":{"rendered":"<p>Se llamaba Diego Rodr\u00edguez de Silva y Vel\u00e1zquez, pero para el mundo es, sencillamente, Vel\u00e1zquez. El otro se llamaba Pablo Ruiz Picasso, pero se inclin\u00f3 muy pronto por el apellido materno para poner patas arriba la historia del arte moderno. Otro fue inscrito como Ricardo Eli\u00e9cer Neftal\u00ed Reyes Basalto, pero gan\u00f3 el Nobel y escribi\u00f3 [&hellip;]<!-- AddThis Advanced Settings generic via filter on get_the_excerpt --><!-- AddThis Share Buttons generic via filter on get_the_excerpt --><\/p>\n","protected":false},"author":13,"featured_media":0,"comment_status":"open","ping_status":"closed","sticky":false,"template":"","format":"standard","meta":[],"categories":[1],"tags":[92,1015],"_links":{"self":[{"href":"https:\/\/blogs.hoy.es\/Juandomingofernandez\/wp-json\/wp\/v2\/posts\/208"}],"collection":[{"href":"https:\/\/blogs.hoy.es\/Juandomingofernandez\/wp-json\/wp\/v2\/posts"}],"about":[{"href":"https:\/\/blogs.hoy.es\/Juandomingofernandez\/wp-json\/wp\/v2\/types\/post"}],"author":[{"embeddable":true,"href":"https:\/\/blogs.hoy.es\/Juandomingofernandez\/wp-json\/wp\/v2\/users\/13"}],"replies":[{"embeddable":true,"href":"https:\/\/blogs.hoy.es\/Juandomingofernandez\/wp-json\/wp\/v2\/comments?post=208"}],"version-history":[{"count":0,"href":"https:\/\/blogs.hoy.es\/Juandomingofernandez\/wp-json\/wp\/v2\/posts\/208\/revisions"}],"wp:attachment":[{"href":"https:\/\/blogs.hoy.es\/Juandomingofernandez\/wp-json\/wp\/v2\/media?parent=208"}],"wp:term":[{"taxonomy":"category","embeddable":true,"href":"https:\/\/blogs.hoy.es\/Juandomingofernandez\/wp-json\/wp\/v2\/categories?post=208"},{"taxonomy":"post_tag","embeddable":true,"href":"https:\/\/blogs.hoy.es\/Juandomingofernandez\/wp-json\/wp\/v2\/tags?post=208"}],"curies":[{"name":"wp","href":"https:\/\/api.w.org\/{rel}","templated":true}]}}