{"id":213,"date":"2010-12-09T21:42:00","date_gmt":"2010-12-09T21:42:00","guid":{"rendered":"http:\/\/blogs.hoy.es\/Juandomingofernandez\/?p=213"},"modified":"2010-12-09T21:42:00","modified_gmt":"2010-12-09T21:42:00","slug":"antes-malos-lelos","status":"publish","type":"post","link":"https:\/\/blogs.hoy.es\/Juandomingofernandez\/2010\/12\/09\/antes-malos-lelos\/","title":{"rendered":"Antes malos que lelos"},"content":{"rendered":"<p><strong>Si estuvi\u00e9ramos en carnaval los controladores a\u00e9reos se habr\u00edan convertido en dinamita pa\u2019 los pollos. De momento sirven de pandero para que los damnificados de su huelga encubierta podamos arrearles alg\u00fan pescoz\u00f3n \u2013virtual\u2013 en tanto los tribunales de justicia les ajustan las costuras. El otro d\u00eda le\u00ed en Facebook una buena recomendaci\u00f3n: que a los controladores quienes les tienen que aliviar la ansiedad y el estr\u00e9s no son los m\u00e9dicos, sino los jueces. <\/p>\n<p>Al episodio de los controladores a\u00e9reos le van la m\u00fasica y la letra de \u2018<\/strong><A href=\"http:\/\/www.musica.com\/letras.asp?letra=1397745\" title=\"http:\/\/www.musica.com\/letras.asp?letra=1397745\" id=\"link_0\">Y en eso lleg\u00f3 Fidel<\/a><strong>, la canci\u00f3n tan conocida de Carlos Puebla: \u00abAqu\u00ed pensaban seguir \/ gana<\/strong> <strong>ndo el ciento por ciento \/ con casas de apartamentos \/ y echar al pueblo a sufrir. \/ Y seguir de modo cruel \/ contra el pueblo conspirando \/ para seguirlo explotando&#8230; \/ y en eso lleg\u00f3 Fidel\u00bb. En el caso de Espa\u00f1a quien lleg\u00f3 fue Rubalcaba, pero tambi\u00e9n mand\u00f3 a parar. <\/p>\n<p>En vez de confiarlo todo al viejo refr\u00e1n de \u00abdonde no hay orden \u00e9l solo se pone\u00bb, el Gobierno reaccion\u00f3 esta vez con algo de anticipaci\u00f3n y firmeza, dos circunstancias que el ciudadano suele agradecer a los gobernantes en todo tiempo y lugar y que han hecho que se \u00abvisualice\u00bb a Rubalcaba y a dos o tres ministros m\u00e1s como due\u00f1os de sus decisiones, no como marionetas en manos de la improvisaci\u00f3n y el azar. Antes malos que lelos. <\/p>\n<p>Rubalcaba ha conseguido elevar la moral del PSOE y de sus seguidores y votantes. Desde esa perspectiva, me parece que el tiempo que ha estado dando la cara ante los medios de comunicaci\u00f3n vale m\u00e1s que decenas de m\u00edtines, declaraciones, contradeclaraciones y bla, bla, bla de propios y opositores. Los pol\u00edticos pueden ser buenos, malos o regulares, pero el ejemplo sigue siendo el m\u00e9todo de ense\u00f1anza m\u00e1s popular. Un m\u00e9todo con un solo mandamiento: no te f\u00edes de lo que digan, sino \u00fanicamente de lo que hagan. Justo lo que ha hecho en esta ocasi\u00f3n el Gobierno, adoptar una decisi\u00f3n y llevarla a cabo. As\u00ed de sencillo. Antes muertos por equivocaci\u00f3n que por no hacer nada. Resulta que el ciudadano-votante entiende ese lenguaje a la primera. No precisa ni ide\u00f3logos o tertulianos que se lo den mascado y listo para tomar. Al que aprende con el m\u00e9todo del ejemplo no resulta f\u00e1cil enga\u00f1arle con cantos de sirena o zarandajas. Nada de ret\u00f3rica, esto es lo que hay. Nada de cuentos chinos. <\/p>\n<p>Otra cosa es que el Gobierno de Zapatero quiera aplicarse a estas alturas de curso. El episodio de los controladores a\u00e9reos le ha servido para dejarse ver y reforzar algunas im\u00e1genes p\u00fablicas (sobre todo la de Rubalcaba) pero acaso debiera dar un salto cualitativo, un paso m\u00e1s all\u00e1 imitando el proceder de Bernie Ecclestone, el magnate de la F\u00f3rmula 1 que sufri\u00f3 un atraco y a las pocas horas hab\u00eda rentabilizado la somanta y el robo ofreciendo a una marca de relojes la foto de su rostro amoratado como reclamo publicitario: \u00abVea lo que las personas har\u00edan por un Hublot\u00bb (el reloj que llevaba puesto y que le birlaron). <\/p>\n<p>En la campa\u00f1a de las pr\u00f3ximas generales (no tocan hasta 2012) el cartel socialista podr\u00eda ser el de Rubalcaba con unos cuantos controladores marcialmente aplicados a sus espaldas. Y por el cielo, los aviones.<\/strong><\/p>\n<!-- AddThis Advanced Settings generic via filter on the_content --><!-- AddThis Share Buttons generic via filter on the_content -->","protected":false},"excerpt":{"rendered":"<p>Si estuvi\u00e9ramos en carnaval los controladores a\u00e9reos se habr\u00edan convertido en dinamita pa\u2019 los pollos. De momento sirven de pandero para que los damnificados de su huelga encubierta podamos arrearles alg\u00fan pescoz\u00f3n \u2013virtual\u2013 en tanto los tribunales de justicia les ajustan las costuras. El otro d\u00eda le\u00ed en Facebook una buena recomendaci\u00f3n: que a los [&hellip;]<!-- AddThis Advanced Settings generic via filter on get_the_excerpt --><!-- AddThis Share Buttons generic via filter on get_the_excerpt --><\/p>\n","protected":false},"author":13,"featured_media":0,"comment_status":"open","ping_status":"closed","sticky":false,"template":"","format":"standard","meta":[],"categories":[1],"tags":[713,824,1136],"_links":{"self":[{"href":"https:\/\/blogs.hoy.es\/Juandomingofernandez\/wp-json\/wp\/v2\/posts\/213"}],"collection":[{"href":"https:\/\/blogs.hoy.es\/Juandomingofernandez\/wp-json\/wp\/v2\/posts"}],"about":[{"href":"https:\/\/blogs.hoy.es\/Juandomingofernandez\/wp-json\/wp\/v2\/types\/post"}],"author":[{"embeddable":true,"href":"https:\/\/blogs.hoy.es\/Juandomingofernandez\/wp-json\/wp\/v2\/users\/13"}],"replies":[{"embeddable":true,"href":"https:\/\/blogs.hoy.es\/Juandomingofernandez\/wp-json\/wp\/v2\/comments?post=213"}],"version-history":[{"count":0,"href":"https:\/\/blogs.hoy.es\/Juandomingofernandez\/wp-json\/wp\/v2\/posts\/213\/revisions"}],"wp:attachment":[{"href":"https:\/\/blogs.hoy.es\/Juandomingofernandez\/wp-json\/wp\/v2\/media?parent=213"}],"wp:term":[{"taxonomy":"category","embeddable":true,"href":"https:\/\/blogs.hoy.es\/Juandomingofernandez\/wp-json\/wp\/v2\/categories?post=213"},{"taxonomy":"post_tag","embeddable":true,"href":"https:\/\/blogs.hoy.es\/Juandomingofernandez\/wp-json\/wp\/v2\/tags?post=213"}],"curies":[{"name":"wp","href":"https:\/\/api.w.org\/{rel}","templated":true}]}}