{"id":214,"date":"2010-12-17T10:50:00","date_gmt":"2010-12-17T10:50:00","guid":{"rendered":"http:\/\/blogs.hoy.es\/Juandomingofernandez\/?p=214"},"modified":"2010-12-17T10:50:00","modified_gmt":"2010-12-17T10:50:00","slug":"mas-cien-velas","status":"publish","type":"post","link":"https:\/\/blogs.hoy.es\/Juandomingofernandez\/2010\/12\/17\/mas-cien-velas\/","title":{"rendered":"M\u00e1s de cien velas"},"content":{"rendered":"<p>Pocas cosas m\u00e1s in\u00fatiles en esta vida que la pasi\u00f3n por  el d\u00eda final. No me refiero al Apocalipsis de los grandes efectos especiales ni a ese apocalipsis cotidiano que te puede deslumbrar en una oficina bancaria de Olot lo mismo que en la red espa\u00f1ola de carreteras durante el puente festivo o entre semana. \u00abSi hubiera sabido que iba a vivir tanto tiempo me hubiera cuidado mejor\u00bb, dijo Le\u00f3n Eldred, no sabemos si con intenci\u00f3n ir\u00f3nica o metaf\u00edsica. Llegar a viejo est\u00e1 dejando de ser una haza\u00f1a y es casi un lugar com\u00fan. De hecho, hay medios de comunicaci\u00f3n en los que ya no se informa de manera especial sobre las personas que llegan a cien a\u00f1os. El list\u00f3n cada d\u00eda est\u00e1 m\u00e1s alto.<\/p>\n<p>El director de cine portugu\u00e9s Manoel de Oliveira tiene 102 a\u00f1os y sigue dirigiendo pel\u00edculas. El arquitecto brasile\u00f1o Oscar Niemeyer acaba de cumplir  103 a\u00f1os y est\u00e1 tan pimpante. En la inauguraci\u00f3n de su fundaci\u00f3n en Brasil un periodista le pregunta: \u00ab\u00bfFuma todav\u00eda, se\u00f1or Niemeyer?\u00bb Y \u00e9l responde: \u00abBueno, lo justo y necesario\u00bb.<\/p>\n<p>En contra de lo que pensaba Sigmund Freud \u2013que cre\u00eda que todos percibimos a los dem\u00e1s como mortales menos a nosotros mismos\u2013, la demograf\u00eda nos va quitando esa idea de la cabeza y empieza a dar s\u00edntomas de \u2018overbooking\u2019. Seg\u00fan los expertos, Espa\u00f1a va a terminar el a\u00f1o 2010 con m\u00e1s de 10.000 personas que habr\u00e1n cumplido cien a\u00f1os de vida o m\u00e1s, incluidos los que se atraganten esta Nochevieja con las uvas.<\/p>\n<p>A este ritmo, a los sindicatos quiz\u00e1s les parezca hasta razonable la jubilaci\u00f3n a los 67 a\u00f1os si el personal se empe\u00f1a en no doblar la servilleta hasta treinta y tantos a\u00f1os despu\u00e9s.  Ya digo que empiezan a ser frecuentes los nonagenarios y centenarios dispuestos a dar batalla. Hace poco Espa\u00f1a despidi\u00f3 a Francisco Ayala, el autor de \u2018Muertes de perro\u2019 y \u2018El jard\u00edn de las delicias\u2019, cuando hab\u00eda cumplido los 103 a\u00f1os e iba embalado para los 104. No hace tanto el escritor, fil\u00f3sofo e historiador alem\u00e1n Ernst J\u00fcnger se permit\u00eda impartir lecciones magistrales en la Universidad de Verano de la Universidad Complutense en El Escorial cuando  contaba m\u00e1s de un siglo de vida. Muri\u00f3 dos semanas antes de cumplir los 103 a\u00f1os, y seg\u00fan la Wikipedia, \u00abapenas unos meses despu\u00e9s de haberse convertido a la fe cat\u00f3lica\u00bb, apostilla, por cierto, que yo creo que no debe malinterpretarse en el sentido de establecer una relaci\u00f3n causal directa entre su paso religioso y el tr\u00e1nsito al otro mundo.<\/p>\n<p>En fin, que aunque no lo parezca viendo las listas en las oficinas de empleo y algunos botellones en sus horas puntas, somos el segundo pa\u00eds del mundo en personas centenarias; supongo que contabilizando en la estad\u00edstica a los jubilados ingleses, alemanes y de otros pa\u00edses europeos afincados en nuestras  zonas de costa.<\/p>\n<p>\u00abTeme a la vejez porque nunca viene sola\u00bb, nos preven\u00eda Plat\u00f3n tres o cuatro siglos antes de Cristo, aunque en tiempos de Plat\u00f3n es verdad que un hombre de treinta o cuarenta a\u00f1os era ya casi un anciano. De haber vivido en nuestra \u00e9poca Plat\u00f3n acaso hubiera formulado de otra manera su advertencia: \u00abTeme a la vejez porque tendr\u00e1s que seguir trabajando y \u00e1ndate con ojo adem\u00e1s para encontrar plaza en la residencia geri\u00e1trica\u00bb. Aunque sea privada.<\/p>\n<!-- AddThis Advanced Settings generic via filter on the_content --><!-- AddThis Share Buttons generic via filter on the_content -->","protected":false},"excerpt":{"rendered":"<p>Pocas cosas m\u00e1s in\u00fatiles en esta vida que la pasi\u00f3n por el d\u00eda final. No me refiero al Apocalipsis de los grandes efectos especiales ni a ese apocalipsis cotidiano que te puede deslumbrar en una oficina bancaria de Olot lo mismo que en la red espa\u00f1ola de carreteras durante el puente festivo o entre semana. [&hellip;]<!-- AddThis Advanced Settings generic via filter on get_the_excerpt --><!-- AddThis Share Buttons generic via filter on get_the_excerpt --><\/p>\n","protected":false},"author":13,"featured_media":0,"comment_status":"open","ping_status":"closed","sticky":false,"template":"","format":"standard","meta":[],"categories":[1],"tags":[712,766],"_links":{"self":[{"href":"https:\/\/blogs.hoy.es\/Juandomingofernandez\/wp-json\/wp\/v2\/posts\/214"}],"collection":[{"href":"https:\/\/blogs.hoy.es\/Juandomingofernandez\/wp-json\/wp\/v2\/posts"}],"about":[{"href":"https:\/\/blogs.hoy.es\/Juandomingofernandez\/wp-json\/wp\/v2\/types\/post"}],"author":[{"embeddable":true,"href":"https:\/\/blogs.hoy.es\/Juandomingofernandez\/wp-json\/wp\/v2\/users\/13"}],"replies":[{"embeddable":true,"href":"https:\/\/blogs.hoy.es\/Juandomingofernandez\/wp-json\/wp\/v2\/comments?post=214"}],"version-history":[{"count":0,"href":"https:\/\/blogs.hoy.es\/Juandomingofernandez\/wp-json\/wp\/v2\/posts\/214\/revisions"}],"wp:attachment":[{"href":"https:\/\/blogs.hoy.es\/Juandomingofernandez\/wp-json\/wp\/v2\/media?parent=214"}],"wp:term":[{"taxonomy":"category","embeddable":true,"href":"https:\/\/blogs.hoy.es\/Juandomingofernandez\/wp-json\/wp\/v2\/categories?post=214"},{"taxonomy":"post_tag","embeddable":true,"href":"https:\/\/blogs.hoy.es\/Juandomingofernandez\/wp-json\/wp\/v2\/tags?post=214"}],"curies":[{"name":"wp","href":"https:\/\/api.w.org\/{rel}","templated":true}]}}