{"id":215,"date":"2010-12-23T21:57:00","date_gmt":"2010-12-23T21:57:00","guid":{"rendered":"http:\/\/blogs.hoy.es\/Juandomingofernandez\/?p=215"},"modified":"2010-12-23T21:57:00","modified_gmt":"2010-12-23T21:57:00","slug":"aqui-ocurren-esas-cosas","status":"publish","type":"post","link":"https:\/\/blogs.hoy.es\/Juandomingofernandez\/2010\/12\/23\/aqui-ocurren-esas-cosas\/","title":{"rendered":"&#8220;Aqu\u00ed no ocurren esas cosas&#8221;"},"content":{"rendered":"<p><strong>El caso de explotaci\u00f3n sexual de una menor en un pueblo extreme\u00f1o ha hecho que salten las alarmas y reparemos en una realidad que por lo general consideramos ajena y distante, como cualquiera de las historias marginales que solo suceden m\u00e1s all\u00e1 de la as\u00e9ptica pantalla de la televisi\u00f3n. El espectador atiende unos pocos minutos a la atrocidad servida por los informativos, sigue comiendo (si la contrariedad es mucha, acaso cambia de canal), termina el postre, se levanta de la mesa y \u00abfuese y no hubo nada\u00bb.       <\/p>\n<p>Por fortuna, en un porcentaje alt\u00edsimo de nuestra cotidianidad, episodios como el de la menor madrile\u00f1a presuntamente prostituida por su novio est\u00e1n reservados para la pura ficci\u00f3n o para los espacios de sucesos de otros \u00e1mbitos, de otras sociedades. Gabriel Garc\u00eda M\u00e1rquez escribi\u00f3 \u2018La incre\u00edble y triste historia de la c\u00e1ndida Er\u00e9ndira y su abuela desalmada\u2019, pero nosotros preferimos concluir con optimismo:  \u00abAqu\u00ed no ocurren esas cosas\u00bb. Lo cierto es que s\u00ed ocurren, y al constatarlo aparte de echarnos las manos a la cabeza deber\u00edamos ech\u00e1rnoslas a la conciencia, se supone que ubicada por la misma latitud que la sesera pero algo menos ostensible. <\/p>\n<p>Una de las circunstancias que han generado m\u00e1s esc\u00e1ndalo es la relativa al origen de la menor explotada sexualmente, pues al principio se dijo por error que proced\u00eda de una familia acomodada de la calle Serrano de Madrid y despu\u00e9s se ha aclarado que no, que viv\u00eda en una zona popular, como si tal hecho supusiera por s\u00ed mismo un atenuante y ya no hubiera que apiadarse tanto de ella. Por supuesto, siempre ha habido clases. <\/p>\n<p>Con la reforma del C\u00f3digo Penal que ayer, precisamente, entr\u00f3 en vigor la Justicia podr\u00e1  castigar con m\u00e1s dureza a los responsables implicados en este caso. Estoy convencido de que de ello se van a encargar los tribunales y all\u00e1 cada cual con su culpa. Sin embargo, yo creo que el esc\u00e1ndalo mayor, el desasosiego intolerable no nos llega por la intervenci\u00f3n de ese joven rumano del que al parecer se enamor\u00f3 la menor madrile\u00f1a y que ha terminado induci\u00e9ndola, presuntamente, a prostituirse en condiciones infrahumanas. Lo escandaloso es saber que algunos vecinos de esa localidad han sido capaces de pagar unos pocos euros para mantener sexo de manera furtiva con una menor de 14 a\u00f1os. \u00bfQuiz\u00e1s por creer que tambi\u00e9n se trataba de una chica inmigrante? \u00bfEs que en tal caso la culpa se diluye? \u00bfSi es de otro pa\u00eds, no existe responsabilidad? <\/p>\n<p>Hasta el calendario se ha puesto en su contra. Que una historia tan escabrosa y atroz sea conocida por el p\u00fablico cuando la sociedad se dispone a celebrar la Navidad subraya los ribetes de su negrura. Y menos mal que ha visto la luz. Eso permitir\u00e1 tomar medidas para evitar futuros casos y contribuir\u00e1 a que reflexionemos sobre una realidad que esta vez ha traspasado las as\u00e9pticas pantallas de las televisiones y el distanciamiento de las ficciones literarias. Una historia real. <\/p>\n<p>El detonante ha sido un episodio de explotaci\u00f3n sexual. Pero las consecuencias no se limitar\u00e1n a juicios m\u00e1s o menos piadosos sobre la prostituci\u00f3n, la delincuencia incontrolada o los cataclismos de la crisis econ\u00f3mica.  Me parece que adem\u00e1s de a los jueces y a los pol\u00edticos el caso dar\u00e1 trabajo a los psiquiatras y a los psic\u00f3logos sociales. Al tiempo.<\/strong><\/p>\n<!-- AddThis Advanced Settings generic via filter on the_content --><!-- AddThis Share Buttons generic via filter on the_content -->","protected":false},"excerpt":{"rendered":"<p>El caso de explotaci\u00f3n sexual de una menor en un pueblo extreme\u00f1o ha hecho que salten las alarmas y reparemos en una realidad que por lo general consideramos ajena y distante, como cualquiera de las historias marginales que solo suceden m\u00e1s all\u00e1 de la as\u00e9ptica pantalla de la televisi\u00f3n. El espectador atiende unos pocos minutos [&hellip;]<!-- AddThis Advanced Settings generic via filter on get_the_excerpt --><!-- AddThis Share Buttons generic via filter on get_the_excerpt --><\/p>\n","protected":false},"author":13,"featured_media":0,"comment_status":"open","ping_status":"closed","sticky":false,"template":"","format":"standard","meta":[],"categories":[1],"tags":[810,1056],"_links":{"self":[{"href":"https:\/\/blogs.hoy.es\/Juandomingofernandez\/wp-json\/wp\/v2\/posts\/215"}],"collection":[{"href":"https:\/\/blogs.hoy.es\/Juandomingofernandez\/wp-json\/wp\/v2\/posts"}],"about":[{"href":"https:\/\/blogs.hoy.es\/Juandomingofernandez\/wp-json\/wp\/v2\/types\/post"}],"author":[{"embeddable":true,"href":"https:\/\/blogs.hoy.es\/Juandomingofernandez\/wp-json\/wp\/v2\/users\/13"}],"replies":[{"embeddable":true,"href":"https:\/\/blogs.hoy.es\/Juandomingofernandez\/wp-json\/wp\/v2\/comments?post=215"}],"version-history":[{"count":0,"href":"https:\/\/blogs.hoy.es\/Juandomingofernandez\/wp-json\/wp\/v2\/posts\/215\/revisions"}],"wp:attachment":[{"href":"https:\/\/blogs.hoy.es\/Juandomingofernandez\/wp-json\/wp\/v2\/media?parent=215"}],"wp:term":[{"taxonomy":"category","embeddable":true,"href":"https:\/\/blogs.hoy.es\/Juandomingofernandez\/wp-json\/wp\/v2\/categories?post=215"},{"taxonomy":"post_tag","embeddable":true,"href":"https:\/\/blogs.hoy.es\/Juandomingofernandez\/wp-json\/wp\/v2\/tags?post=215"}],"curies":[{"name":"wp","href":"https:\/\/api.w.org\/{rel}","templated":true}]}}