{"id":218,"date":"2011-01-13T21:41:00","date_gmt":"2011-01-13T21:41:00","guid":{"rendered":"http:\/\/blogs.hoy.es\/Juandomingofernandez\/?p=218"},"modified":"2011-01-13T21:41:00","modified_gmt":"2011-01-13T21:41:00","slug":"ridley-y-realidad","status":"publish","type":"post","link":"https:\/\/blogs.hoy.es\/Juandomingofernandez\/2011\/01\/13\/ridley-y-realidad\/","title":{"rendered":"Ridley y la realidad"},"content":{"rendered":"<p>La primera vez en mi vida que vi a Ridley Scott, \u00e9l estaba sentado en una de las barandillas de la plaza de San Jorge de C\u00e1ceres y observaba, junto a miembros de su equipo t\u00e9cnico, las torres de la iglesia de la Preciosa Sangre. De eso hace ya veinte a\u00f1os. Revisaba entonces las localizaciones de su \u2018Col\u00f3n\u2019 o \u20181492: La conquista del para\u00edso\u2019, en la que acab\u00f3 transformando plazas, calles, rincones y vistas de C\u00e1ceres y Trujillo en la Granada hist\u00f3rica de los Reyes Cat\u00f3licos. <\/p>\n<p>Por aquella fecha, en 1991, Ridley Scott ya hab\u00eda rodado cintas tan importantes como \u2018Alien\u2019 o \u2018Thelma y Louise\u2019 y sobre todo esa obra maestra y pel\u00edcula de culto que es \u2018Blade Runner\u2019. Pero una cosa es el prestigio ante los cin\u00e9filos y otra bien distinta contar con la simpat\u00eda y buena disposici\u00f3n del hombre de la calle. Quiero decir que a pesar de que Ridley Scott llegaba a Extremadura rodeado del aura de cineasta de primer\u00edsimo nivel para rodar una superproducci\u00f3n que distribuir\u00eda por todo el mundo la Paramount, la verdad es que las protestas de algunos vecinos de C\u00e1ceres por las molestias que ocasionaba el rodaje \u2013con la ciudad monumental pr\u00e1cticamente cerrada en distintos tramos\u2013 y las quejas tambi\u00e9n de los periodistas ante las dificultades y limitaciones que sufr\u00edan para hacer su trabajo, obligaron al Ayuntamiento y a la Diputaci\u00f3n a tomar cartas en el asunto propiciando un encuentro de algunos de los int\u00e9rpretes de la pel\u00edcula: Gerard Depardieu, Fernando Rey, \u00c1ngela Molina&#8230; con los periodistas que sirvi\u00f3 finalmente para conciliar posturas. <\/p>\n<p>El director de \u2018Gladiator\u2019 debe de haberse encontrado con menos dificultades como productor ejecutivo de \u2018La vida en un d\u00eda\u2019, ese proyecto global que aprovecha miles de v\u00eddeos enviados por aficionados de todo el mundo a trav\u00e9s de Youtube y con los que el director Kevin Macdonald montar\u00e1 un documental de hora y media que va a estrenarse el d\u00eda 27 de enero en el festival de cine de Sundance. <\/p>\n<p>El panorama electoral ya no est\u00e1 a la vuelta de la esquina, giramos dentro de \u00e9l, sometidos a su fuerza de gravedad. Quiz\u00e1s por eso me he acordado de Ridley Scott y su trayectoria cinematogr\u00e1fica. Pero no me he acordado porque en su filmograf\u00eda algunos adivinen paralelismos simbolistas con nuestro entorno pol\u00edtico, aunque nos incite a ello t\u00edtulos tan sugerentes como \u2018Los duelistas, \u2018Alien\u2019, \u2018Thelma y Louise\u2019 (con su \u2018rotundo\u2019 final), \u2018Un buen a\u00f1o\u2019 o \u2018Red de mentiras\u2019&#8230; <\/p>\n<p>Me he acordado de Ridley Scott porque su proyecto \u2018La vida en un d\u00eda\u2019 le vendr\u00eda de perlas a todos los contendientes en las pr\u00f3ximas elecciones municipales y auton\u00f3micas. \u00bfCu\u00e1nto dar\u00edan por disponer de un resumen audiovisual de lo que han hecho en estos cuatro a\u00f1os y de lo que prometen hacer en los cuatro a\u00f1os siguientes? \u00bfCu\u00e1nto dar\u00edan si esos testimonios en vez de ser suyos fuesen de los propios ciudadanos llamados a las urnas? <\/p>\n<p>A la hora de seleccionar el voto el ciudadano lo primero que recuerda es el \u2018documental\u2019 que ha visto\/vivido y las perspectivas de las \u2018pel\u00edculas\u2019 venideras. La balanza de las preferencias personales suele inclinarse con los datos de la realidad, pero la realidad no es un diamante, tiene materiales d\u00factiles y maleables. Como los sue\u00f1os. Ridley Scott lo sabe. Y Dostoievski tambi\u00e9n: \u00abNada puede haber m\u00e1s fant\u00e1stico que la realidad\u00bb.<strong><\/strong><\/p>\n<!-- AddThis Advanced Settings generic via filter on the_content --><!-- AddThis Share Buttons generic via filter on the_content -->","protected":false},"excerpt":{"rendered":"<p>La primera vez en mi vida que vi a Ridley Scott, \u00e9l estaba sentado en una de las barandillas de la plaza de San Jorge de C\u00e1ceres y observaba, junto a miembros de su equipo t\u00e9cnico, las torres de la iglesia de la Preciosa Sangre. De eso hace ya veinte a\u00f1os. Revisaba entonces las localizaciones [&hellip;]<!-- AddThis Advanced Settings generic via filter on get_the_excerpt --><!-- AddThis Share Buttons generic via filter on get_the_excerpt --><\/p>\n","protected":false},"author":13,"featured_media":0,"comment_status":"open","ping_status":"closed","sticky":false,"template":"","format":"standard","meta":[],"categories":[1],"tags":[390,1080],"_links":{"self":[{"href":"https:\/\/blogs.hoy.es\/Juandomingofernandez\/wp-json\/wp\/v2\/posts\/218"}],"collection":[{"href":"https:\/\/blogs.hoy.es\/Juandomingofernandez\/wp-json\/wp\/v2\/posts"}],"about":[{"href":"https:\/\/blogs.hoy.es\/Juandomingofernandez\/wp-json\/wp\/v2\/types\/post"}],"author":[{"embeddable":true,"href":"https:\/\/blogs.hoy.es\/Juandomingofernandez\/wp-json\/wp\/v2\/users\/13"}],"replies":[{"embeddable":true,"href":"https:\/\/blogs.hoy.es\/Juandomingofernandez\/wp-json\/wp\/v2\/comments?post=218"}],"version-history":[{"count":0,"href":"https:\/\/blogs.hoy.es\/Juandomingofernandez\/wp-json\/wp\/v2\/posts\/218\/revisions"}],"wp:attachment":[{"href":"https:\/\/blogs.hoy.es\/Juandomingofernandez\/wp-json\/wp\/v2\/media?parent=218"}],"wp:term":[{"taxonomy":"category","embeddable":true,"href":"https:\/\/blogs.hoy.es\/Juandomingofernandez\/wp-json\/wp\/v2\/categories?post=218"},{"taxonomy":"post_tag","embeddable":true,"href":"https:\/\/blogs.hoy.es\/Juandomingofernandez\/wp-json\/wp\/v2\/tags?post=218"}],"curies":[{"name":"wp","href":"https:\/\/api.w.org\/{rel}","templated":true}]}}