{"id":22,"date":"2006-01-15T01:22:55","date_gmt":"2006-01-15T01:22:55","guid":{"rendered":"http:\/\/blogs.hoy.es\/Juandomingofernandez\/?p=22"},"modified":"2006-01-15T01:22:55","modified_gmt":"2006-01-15T01:22:55","slug":"incienso-mozart","status":"publish","type":"post","link":"https:\/\/blogs.hoy.es\/Juandomingofernandez\/2006\/01\/15\/incienso-mozart\/","title":{"rendered":"Incienso a Mozart"},"content":{"rendered":"<p><P class=MsoNormal style=\"MARGIN: 0cm 0cm 0pt\"><FONT size=3><FONT face=\"Times New Roman\">Yo creo que las efem\u00e9rides y los a\u00f1os internacionales (designados por la ONU o por cualquier otro organismo internacional) son muy \u00fatiles para alimentar algunas secciones de la prensa y para &#8216;justificar&#8217; la atenci\u00f3n a determinados temas o personajes.<\/FONT><\/FONT><\/P><P class=MsoNormal style=\"MARGIN: 0cm 0cm 0pt\"><FONT size=3><FONT face=\"Times New Roman\"><SPAN style=\"mso-spacerun: yes\">&nbsp;&nbsp; <\/SPAN>De acuerdo, acepto al Quijote como libro de cabecera del 2005 y a cualquier obra de Mozart como hilo musical de fondo para todo el 2006. Pero no me pid\u00e1is que participe en esta org\u00eda turiferaria que nos aguarda a costa del de Salzburgo; un genio, por supuesto, pero recuerde, se\u00f1ora, que hay vida m\u00e1s all\u00e1 de Mozart, e incluso m\u00e1s all\u00e1 del Quijote. <\/FONT><\/FONT><\/P><P class=MsoNormal style=\"MARGIN: 0cm 0cm 0pt\"><FONT size=3><FONT face=\"Times New Roman\"><SPAN style=\"mso-spacerun: yes\">&nbsp;&nbsp; <\/SPAN>Aclaraci\u00f3n para <EM>precipitados<\/EM>: no cuestiono el men\u00fa, sino el empacho, que es distinto.<\/FONT><\/FONT><\/P><\/p>\n<!-- AddThis Advanced Settings generic via filter on the_content --><!-- AddThis Share Buttons generic via filter on the_content -->","protected":false},"excerpt":{"rendered":"<p>Yo creo que las efem\u00e9rides y los a\u00f1os internacionales (designados por la ONU o por cualquier otro organismo internacional) son muy \u00fatiles para alimentar algunas secciones de la prensa y para &#8216;justificar&#8217; la atenci\u00f3n a determinados temas o personajes.&nbsp;&nbsp; De acuerdo, acepto al Quijote como libro de cabecera del 2005 y a cualquier obra de [&hellip;]<!-- AddThis Advanced Settings generic via filter on get_the_excerpt --><!-- AddThis Share Buttons generic via filter on get_the_excerpt --><\/p>\n","protected":false},"author":13,"featured_media":0,"comment_status":"open","ping_status":"closed","sticky":false,"template":"","format":"standard","meta":[],"categories":[2],"tags":[],"_links":{"self":[{"href":"https:\/\/blogs.hoy.es\/Juandomingofernandez\/wp-json\/wp\/v2\/posts\/22"}],"collection":[{"href":"https:\/\/blogs.hoy.es\/Juandomingofernandez\/wp-json\/wp\/v2\/posts"}],"about":[{"href":"https:\/\/blogs.hoy.es\/Juandomingofernandez\/wp-json\/wp\/v2\/types\/post"}],"author":[{"embeddable":true,"href":"https:\/\/blogs.hoy.es\/Juandomingofernandez\/wp-json\/wp\/v2\/users\/13"}],"replies":[{"embeddable":true,"href":"https:\/\/blogs.hoy.es\/Juandomingofernandez\/wp-json\/wp\/v2\/comments?post=22"}],"version-history":[{"count":0,"href":"https:\/\/blogs.hoy.es\/Juandomingofernandez\/wp-json\/wp\/v2\/posts\/22\/revisions"}],"wp:attachment":[{"href":"https:\/\/blogs.hoy.es\/Juandomingofernandez\/wp-json\/wp\/v2\/media?parent=22"}],"wp:term":[{"taxonomy":"category","embeddable":true,"href":"https:\/\/blogs.hoy.es\/Juandomingofernandez\/wp-json\/wp\/v2\/categories?post=22"},{"taxonomy":"post_tag","embeddable":true,"href":"https:\/\/blogs.hoy.es\/Juandomingofernandez\/wp-json\/wp\/v2\/tags?post=22"}],"curies":[{"name":"wp","href":"https:\/\/api.w.org\/{rel}","templated":true}]}}