{"id":220,"date":"2011-01-27T22:33:00","date_gmt":"2011-01-27T22:33:00","guid":{"rendered":"http:\/\/blogs.hoy.es\/Juandomingofernandez\/?p=220"},"modified":"2011-01-27T22:33:00","modified_gmt":"2011-01-27T22:33:00","slug":"arte-y-jubilacion","status":"publish","type":"post","link":"https:\/\/blogs.hoy.es\/Juandomingofernandez\/2011\/01\/27\/arte-y-jubilacion\/","title":{"rendered":"Arte y jubilaci\u00f3n"},"content":{"rendered":"<p><strong>Es obra de un artista famoso y aunque muchos lo desconocen, C\u00e1ceres cuenta con un monumento a la Paz y a la Concordia que fue inaugurado en julio de 2005 \u2013con Jos\u00e9 Mar\u00eda Saponi de alcalde\u2013 en la avenida de las Delicias, junto al residencial Infanta Isabel, cerca de donde fueron fusilados durante la Guerra Civil el alcalde socialista cacere\u00f1o Antonio Canales y otras doscientas personas. El monumento, constituido por una escultura de metal con formas geom\u00e9tricas sobre base de granito, era una manera de recuperar la memoria hist\u00f3rica de ese lugar pero sin el lastre del rencor; al contrario, se ha convertido en un s\u00edmbolo que pone fin a la leyenda del lugar y apuesta por la concordia, la paz y el futuro. <\/p>\n<p>El autor de esa obra es uno de los creadores espa\u00f1oles de m\u00e1s prestigio del arte conceptual, Nacho Criado, Medalla de Oro al M\u00e9rito en las Bellas Artes en 2008 y Premio Nacional de Artes Pl\u00e1sticas en 2009. Quince a\u00f1os antes de su muerte, que se produjo en abril de 2010, cuando el artista andaluz ten\u00eda 63 a\u00f1os de edad, Nacho Criado dirigi\u00f3 un taller de arte actual en la Fundaci\u00f3n Guayasam\u00edn de C\u00e1ceres, hasta donde hab\u00eda llegado por su amistad con el escritor, editor y entonces responsable de la Sala El Brocense de la Diputaci\u00f3n Provincial, Juli\u00e1n Rodr\u00edguez. <\/p>\n<p>Otro extreme\u00f1o, Fernando Castro Fl\u00f3rez, se encarg\u00f3 de subrayar durante la presentaci\u00f3n p\u00fablica del taller el valor de la obra de Nacho Criado, un artista, dijo, que \u00absupo superar la banalidad\u00bb y que por aquellas fechas, finales de 1995, ya hab\u00eda estado presente en la Bienal de Venecia o en dos ocasiones con obras fundamentales en el Palacio de Cristal del Retiro madrile\u00f1o. <\/p>\n<p>Recuerdo que Nacho Criado reflexion\u00f3 acerca del papel del artista, al que defini\u00f3 como \u00abun n\u00f3mada de lujo\u00bb y sostuvo que lo primordial es generar ideas. \u00abEl arte procede de la intuici\u00f3n y de la imaginaci\u00f3n, pero tambien de la raz\u00f3n\u00bb. Su punto de partida es preguntarse qu\u00e9 puede hacer un artista en esta \u00e9poca y a partir de ah\u00ed buscar una idea. \u00abLo que es importante\u00bb, dijo entonces, \u00abes localizar una idea, acotarla y buscar un dep\u00f3sito f\u00edsico, para que esa idea tenga un comportamiento real, pero hay que buscarla con tranquilidad, con relax, no de una manera compulsiva\u00bb. <\/p>\n<p>Acaso porque aquellas reflexiones fueran demasiado abstractas o porque el prestigioso artista conceptual intuyera que no eran comprendidas en toda su profundidad por los periodistas que le estaban escuchando, puso alg\u00fan ejemplo de sus m\u00e9todos de trabajo para explicarse mejor. Nos enteramos entonces que varias de sus obras eran viejas maderas que hab\u00eda enterrado un tiempo en un cultivo de termes. El proceso de creaci\u00f3n art\u00edstica que hab\u00eda seguido lo resumi\u00f3 sin abstracciones, de forma sencilla: \u00abLa idea la he puesto yo, las termitas han colaborado\u00bb. <\/p>\n<p>Yo cre\u00eda que el arte conceptual, por el que siento admiraci\u00f3n, abarcaba un \u00e1mbito de actividad ajeno a la vida laboral de las personas. Compruebo que es una idea fallida. El Gobierno, forzado por los mercados, \u00a1oh, dioses, yo os saludo!, ha decidido que los trabajadores a partir de ahora deber\u00e1n permanecer un m\u00ednimo de 38,5 a\u00f1os en el hormiguero para despu\u00e9s ser liberados y gozar el j\u00fabilo de haber sobrevivido. Qu\u00e9 artistas.<\/strong><strong><\/strong><\/p>\n<!-- AddThis Advanced Settings generic via filter on the_content --><!-- AddThis Share Buttons generic via filter on the_content -->","protected":false},"excerpt":{"rendered":"<p>Es obra de un artista famoso y aunque muchos lo desconocen, C\u00e1ceres cuenta con un monumento a la Paz y a la Concordia que fue inaugurado en julio de 2005 \u2013con Jos\u00e9 Mar\u00eda Saponi de alcalde\u2013 en la avenida de las Delicias, junto al residencial Infanta Isabel, cerca de donde fueron fusilados durante la Guerra [&hellip;]<!-- AddThis Advanced Settings generic via filter on get_the_excerpt --><!-- AddThis Share Buttons generic via filter on get_the_excerpt --><\/p>\n","protected":false},"author":13,"featured_media":0,"comment_status":"open","ping_status":"closed","sticky":false,"template":"","format":"standard","meta":[],"categories":[1],"tags":[266,712,975],"_links":{"self":[{"href":"https:\/\/blogs.hoy.es\/Juandomingofernandez\/wp-json\/wp\/v2\/posts\/220"}],"collection":[{"href":"https:\/\/blogs.hoy.es\/Juandomingofernandez\/wp-json\/wp\/v2\/posts"}],"about":[{"href":"https:\/\/blogs.hoy.es\/Juandomingofernandez\/wp-json\/wp\/v2\/types\/post"}],"author":[{"embeddable":true,"href":"https:\/\/blogs.hoy.es\/Juandomingofernandez\/wp-json\/wp\/v2\/users\/13"}],"replies":[{"embeddable":true,"href":"https:\/\/blogs.hoy.es\/Juandomingofernandez\/wp-json\/wp\/v2\/comments?post=220"}],"version-history":[{"count":0,"href":"https:\/\/blogs.hoy.es\/Juandomingofernandez\/wp-json\/wp\/v2\/posts\/220\/revisions"}],"wp:attachment":[{"href":"https:\/\/blogs.hoy.es\/Juandomingofernandez\/wp-json\/wp\/v2\/media?parent=220"}],"wp:term":[{"taxonomy":"category","embeddable":true,"href":"https:\/\/blogs.hoy.es\/Juandomingofernandez\/wp-json\/wp\/v2\/categories?post=220"},{"taxonomy":"post_tag","embeddable":true,"href":"https:\/\/blogs.hoy.es\/Juandomingofernandez\/wp-json\/wp\/v2\/tags?post=220"}],"curies":[{"name":"wp","href":"https:\/\/api.w.org\/{rel}","templated":true}]}}