{"id":221,"date":"2011-02-03T22:32:00","date_gmt":"2011-02-03T22:32:00","guid":{"rendered":"http:\/\/blogs.hoy.es\/Juandomingofernandez\/?p=221"},"modified":"2011-02-03T22:32:00","modified_gmt":"2011-02-03T22:32:00","slug":"la-terapia-nacional","status":"publish","type":"post","link":"https:\/\/blogs.hoy.es\/Juandomingofernandez\/2011\/02\/03\/la-terapia-nacional\/","title":{"rendered":"La terapia nacional"},"content":{"rendered":"<p>Mientras los expertos acuerdan si son galgos o podencos los canes de la crisis, los humoristas resum\u00edan ayer en la prensa el panorama que se avecina. Con dos coprotagonistas: \u00c1ngela Merkel y Zapatero. En HOY, Sans\u00f3n mostraba al presidente del Gobierno entregando un documento a la canciller alemana y dici\u00e9ndole de soslayo: \u00abTenga. Mi curriculum\u00bb.<\/p>\n<p>En \u2018Abc\u2019, Puebla reflejaba otra escena de sof\u00e1. Esta vez Zapatero sostiene en sus manos un taco de folios  para entregarle a Merkel en los que se lee: \u00abReformas\u00bb. Y ella frente a \u00e9l advirti\u00e9ndole: \u00abNein, nein. Eso ya lo ver\u00e9 de vuelta. Yo vengo para saber si es cierto que todav\u00eda no sabes si volver a presentarte\u00bb.<\/p>\n<p>En \u2018El Pa\u00eds\u2019, Forges dibuja a la canciller alemana como una moderna Do\u00f1a In\u00e9s y a Rodr\u00edguez Zapatero, con calzas y gola, como un escu\u00e1lido Don Juan: \u00ab\u00bfNo es verdad, \u00c1ngela amor, que en esta apartada periferia m\u00e1s peque\u00f1a es nuestra deuda y la vuestra es un past\u00f3n?\u00bb <\/p>\n<p>\u2018El Economista\u2019 va m\u00e1s all\u00e1 y en vez de una vi\u00f1eta de humor elabora una foto-noticia para la  portada con una reproducci\u00f3n del cuadro \u2018La rendici\u00f3n de Breda\u2019, de Vel\u00e1zquez, donde los personajes centrales son ahora Zapatero, que rinde las llaves de la ciudad, y \u00c1ngela Merkel, recibi\u00e9ndolas. Pero en vez de llaves, lo que el presidente del Gobierno entrega es un gran pergamino en que se lee: Pacto social.<\/p>\n<p> El pa\u00eds est\u00e1, econ\u00f3micamente hecho unos zorros, pero saber que todav\u00eda somos capaces de re\u00edrnos de nuestros propios males es un consuelo. A no ser que en el fondo nos estemos riendo directamente de Zapatero en un ejercicio de liberaci\u00f3n barato y posiblemente terap\u00e9utico. Pero qu\u00e9 tranquilidad comprobar que ahora llega un l\u00edder extranjero a leernos la cartilla y nos deshacemos en sombrerazos sin prejuicios de hidalgos viejos, pero pobres, de esos que se sacud\u00edan las migajas de la barba para dar a entender que hab\u00edan comido.  Adi\u00f3s al falso orgullo del que le averg\u00fcenza mendigar y fuera complejos. En el primer tiempo del saludo ante la banca alemana y a sonre\u00edr , complacientes y obsequiosos, a quien ha venido a leernos la cartilla.<\/p>\n<p>Todos aquellos que se quejan intermitentemente del \u2018rancio nacionalismo espa\u00f1ol\u2019 estar\u00e1n m\u00e1s tranquilos desde ahora, pues estas actitudes amables y entregadas a quienes son los due\u00f1os, literalmente, de nuestra deuda, no tienen nada que ver con aquellos \u2018espa\u00f1olistas\u2019 de otras \u00e9pocas, llenos de engolamiento y orgullo, que prefer\u00edan arrostrar las penurias del subdesarrollo sin agachar la cabeza, salvo que no quedara m\u00e1s remedio que hacerlo ante el presidente Eisenhower, el convenio de las bases norteamericanas, las divisas enviadas por los emigrantes o el dinerito contante y sonante que dejaban los primeros turistas europeos.<\/p>\n<p>En realidad tampoco es algo nuevo. En 1590, con 43 a\u00f1os de edad, Miguel de Cervantes, que ya hab\u00eda pasado por el trance de perder una mano en Lepanto o estar cautivo en Argel, andaba pidiendo al poder de la \u00e9poca que le hicieran la merced de un oficio en Indias. Los \u2018cervantes\u2019 de ahora son muchos titulados universitarios en paro que ya pueden ir preparando la maleta. A fin de cuentas, Alemania est\u00e1 m\u00e1s cerca que China. Y juegan mejor al f\u00fatbol.<\/p>\n<!-- AddThis Advanced Settings generic via filter on the_content --><!-- AddThis Share Buttons generic via filter on the_content -->","protected":false},"excerpt":{"rendered":"<p>Mientras los expertos acuerdan si son galgos o podencos los canes de la crisis, los humoristas resum\u00edan ayer en la prensa el panorama que se avecina. Con dos coprotagonistas: \u00c1ngela Merkel y Zapatero. En HOY, Sans\u00f3n mostraba al presidente del Gobierno entregando un documento a la canciller alemana y dici\u00e9ndole de soslayo: \u00abTenga. Mi curriculum\u00bb. [&hellip;]<!-- AddThis Advanced Settings generic via filter on get_the_excerpt --><!-- AddThis Share Buttons generic via filter on get_the_excerpt --><\/p>\n","protected":false},"author":13,"featured_media":0,"comment_status":"open","ping_status":"closed","sticky":false,"template":"","format":"standard","meta":[],"categories":[1],"tags":[50,296,1371],"_links":{"self":[{"href":"https:\/\/blogs.hoy.es\/Juandomingofernandez\/wp-json\/wp\/v2\/posts\/221"}],"collection":[{"href":"https:\/\/blogs.hoy.es\/Juandomingofernandez\/wp-json\/wp\/v2\/posts"}],"about":[{"href":"https:\/\/blogs.hoy.es\/Juandomingofernandez\/wp-json\/wp\/v2\/types\/post"}],"author":[{"embeddable":true,"href":"https:\/\/blogs.hoy.es\/Juandomingofernandez\/wp-json\/wp\/v2\/users\/13"}],"replies":[{"embeddable":true,"href":"https:\/\/blogs.hoy.es\/Juandomingofernandez\/wp-json\/wp\/v2\/comments?post=221"}],"version-history":[{"count":0,"href":"https:\/\/blogs.hoy.es\/Juandomingofernandez\/wp-json\/wp\/v2\/posts\/221\/revisions"}],"wp:attachment":[{"href":"https:\/\/blogs.hoy.es\/Juandomingofernandez\/wp-json\/wp\/v2\/media?parent=221"}],"wp:term":[{"taxonomy":"category","embeddable":true,"href":"https:\/\/blogs.hoy.es\/Juandomingofernandez\/wp-json\/wp\/v2\/categories?post=221"},{"taxonomy":"post_tag","embeddable":true,"href":"https:\/\/blogs.hoy.es\/Juandomingofernandez\/wp-json\/wp\/v2\/tags?post=221"}],"curies":[{"name":"wp","href":"https:\/\/api.w.org\/{rel}","templated":true}]}}