{"id":222,"date":"2011-02-11T01:51:00","date_gmt":"2011-02-11T01:51:00","guid":{"rendered":"http:\/\/blogs.hoy.es\/Juandomingofernandez\/?p=222"},"modified":"2011-02-11T01:51:00","modified_gmt":"2011-02-11T01:51:00","slug":"chu-lai-yuste","status":"publish","type":"post","link":"https:\/\/blogs.hoy.es\/Juandomingofernandez\/2011\/02\/11\/chu-lai-yuste\/","title":{"rendered":"Chu En Lai en Yuste"},"content":{"rendered":"<div class=\"p\" id=\"story-texto\"><strong>Mientras escribo esta columna las cr\u00f3nicas nos alertan desde Egipto del v\u00e9rtigo del cambio y de la cuenta atr\u00e1s para Mubarak. Los ritmos de la historia a veces son tan imprevisibles como los encontronazos de las placas tect\u00f3nicas. Hay \u00e9pocas que son corrientes remansadas y d\u00edas en que la historia solo se reconoce en el cataclismo. Que se lo cuenten a Hosni Mubarak. <\/p>\n<p>A veces el azar nos sit\u00faa en un laberinto del que no sabemos salir. Y salir de la historia, avanzar, exige comprender sus pasos, entender el sentido de sus corrientes subterr\u00e1neas, no \u00fanicamente el plano-gu\u00eda de las rutas oficiales, de la apariencia, de lo consabido. <\/p>\n<p>La semana pasada entrevist\u00e9 en Madrid a Javier Solana, que hoy, 11 de febrero, recibe en Yuste el Premio Europeo Carlos V. Recordaba el ex secretario general de la OTAN y ex Alto Representante de Pol\u00edtica Exterior y de Seguridad de la UE, que durante su etapa de estudiante universitario en Estados Unidos hab\u00eda vivido acontecimientos como los asesinatos de Martin Luther King y de Robert Kennedy, las tres grandes manifestaciones de los j\u00f3venes estadounidenses contra la guerra de Vietnam -en las que particip\u00f3- o la llegada del hombre a la Luna, narrada por Walter Cronkite, el gran reportero de la CBS americana. Pero al entonces estudiante madrile\u00f1o de Ciencias F\u00edsicas que iba camino de convertirse en catedr\u00e1tico de F\u00edsica del Estado S\u00f3lido no pod\u00eda pas\u00e1rsele por la cabeza, ni en el m\u00e1s delirante de los sue\u00f1os, que unos pocos a\u00f1os m\u00e1s adelante se convertir\u00eda en secretario general de la OTAN. <\/p>\n<p>La verdad es que a m\u00ed no me interesa lo que tiene de &#8216;anecd\u00f3tico&#8217; ese hecho, para cuya evaluaci\u00f3n y an\u00e1lisis habr\u00eda que computar una serie de variables que trascienden lo personal: el abandono de un r\u00e9gimen aut\u00e1rquico, la transici\u00f3n a la democracia en Espa\u00f1a, la integraci\u00f3n en las instituciones europeas, la existencia de una generaci\u00f3n con el suficiente nivel de preparaci\u00f3n intelectual y de compromiso pol\u00edtico&#8230; Factores que contribuir\u00edan, vistos en perspectiva, para &#8216;justificar&#8217; o explicar determinadas actitudes personales. <\/p>\n<p>Durante esa entrevista en Madrid, el nuevo Premio Carlos V se refiri\u00f3 a una an\u00e9cdota que ilustra muy bien la necesidad de la distancia temporal, de cierta perspectiva, para comprender el sentido profundo de la historia. Poco antes de morir en 1976 Chu En Lai, al legendario dirigente chino que fue ministro de Asuntos Exteriores y primer ministro de Mao le preguntaron qu\u00e9 opinaba, cu\u00e1l era su valoraci\u00f3n de la Revoluci\u00f3n Francesa. Y casi doscientos a\u00f1os despu\u00e9s de aquellos hechos que transformaron medio mundo respondi\u00f3 de forma escueta: \u00abEs muy pronto todav\u00eda para decirlo\u00bb. <\/p>\n<p>Aunque el periodismo obliga a elaborar un borrador vertiginoso de la historia, a registrar con amplitud los acontecimientos que alfombran la actualidad, no hay que perder de vista la lecci\u00f3n de Chu En Lai; en el fondo, m\u00e1s all\u00e1 de la iron\u00eda, una llamada a la comprensi\u00f3n profunda, amplia, del sentido de la historia. Analizada con esa perspectiva tal vez se entienda mejor, dentro de varias d\u00e9cadas, la importancia de personajes como Javier Solana y la de otros pol\u00edticos de aquella generaci\u00f3n que supieron afrontar los retos de un pa\u00eds que empezaba a desperezarse.<\/strong><\/div>\n<!-- AddThis Advanced Settings generic via filter on the_content --><!-- AddThis Share Buttons generic via filter on the_content -->","protected":false},"excerpt":{"rendered":"<p>Mientras escribo esta columna las cr\u00f3nicas nos alertan desde Egipto del v\u00e9rtigo del cambio y de la cuenta atr\u00e1s para Mubarak. Los ritmos de la historia a veces son tan imprevisibles como los encontronazos de las placas tect\u00f3nicas. Hay \u00e9pocas que son corrientes remansadas y d\u00edas en que la historia solo se reconoce en el [&hellip;]<!-- AddThis Advanced Settings generic via filter on get_the_excerpt --><!-- AddThis Share Buttons generic via filter on get_the_excerpt --><\/p>\n","protected":false},"author":13,"featured_media":0,"comment_status":"open","ping_status":"closed","sticky":false,"template":"","format":"standard","meta":[],"categories":[1],"tags":[578,1370],"_links":{"self":[{"href":"https:\/\/blogs.hoy.es\/Juandomingofernandez\/wp-json\/wp\/v2\/posts\/222"}],"collection":[{"href":"https:\/\/blogs.hoy.es\/Juandomingofernandez\/wp-json\/wp\/v2\/posts"}],"about":[{"href":"https:\/\/blogs.hoy.es\/Juandomingofernandez\/wp-json\/wp\/v2\/types\/post"}],"author":[{"embeddable":true,"href":"https:\/\/blogs.hoy.es\/Juandomingofernandez\/wp-json\/wp\/v2\/users\/13"}],"replies":[{"embeddable":true,"href":"https:\/\/blogs.hoy.es\/Juandomingofernandez\/wp-json\/wp\/v2\/comments?post=222"}],"version-history":[{"count":0,"href":"https:\/\/blogs.hoy.es\/Juandomingofernandez\/wp-json\/wp\/v2\/posts\/222\/revisions"}],"wp:attachment":[{"href":"https:\/\/blogs.hoy.es\/Juandomingofernandez\/wp-json\/wp\/v2\/media?parent=222"}],"wp:term":[{"taxonomy":"category","embeddable":true,"href":"https:\/\/blogs.hoy.es\/Juandomingofernandez\/wp-json\/wp\/v2\/categories?post=222"},{"taxonomy":"post_tag","embeddable":true,"href":"https:\/\/blogs.hoy.es\/Juandomingofernandez\/wp-json\/wp\/v2\/tags?post=222"}],"curies":[{"name":"wp","href":"https:\/\/api.w.org\/{rel}","templated":true}]}}