{"id":223,"date":"2011-02-17T22:58:00","date_gmt":"2011-02-17T22:58:00","guid":{"rendered":"http:\/\/blogs.hoy.es\/Juandomingofernandez\/?p=223"},"modified":"2011-02-17T22:58:00","modified_gmt":"2011-02-17T22:58:00","slug":"hechos-y-opinion","status":"publish","type":"post","link":"https:\/\/blogs.hoy.es\/Juandomingofernandez\/2011\/02\/17\/hechos-y-opinion\/","title":{"rendered":"Hechos y opini\u00f3n"},"content":{"rendered":"<p><strong>Como bien saben los predicadores y los verdugos, las armas y las palabras no son buenas o malas en s\u00ed mismas, dependen del uso que se haga de ellas. Alguien puede desenvainar unas palabras del cinto del humor y la iron\u00eda, bienintecionadamente, o extraerlas del pozo del odio y el rencor.<br \/>\nPero resulta inimaginable que alguien en sus cabales utilice las palabras sin saber el \u00e1nimo que le empuja. Si va a escribir en prosa o en verso. Si aspira a una sonrisa o concibe la palabra como un pu\u00f1al para ensa\u00f1arse con el enemigo, como arma para el oprobio. <\/p>\n<p>Si parafraseando a Vargas Vila yo escribo: \u00abLos dioses no consintieron que Fulanito de Tal deshonrara la c\u00e1rcel, entrando en ella, y ah\u00ed sigue, despachando art\u00edculos en su publicaci\u00f3n digital despu\u00e9s de haber fatigado la infamia\u00bb. Nadie dudar\u00eda de que, al margen del recurso al humor, la intenci\u00f3n que me anima respecto al Fulanito de Tal no es precisamente la del elogio. Quiero decir que m\u00e1s all\u00e1 de la subjetividad o de la imprecisi\u00f3n de cualquier discurso, de cualquier conjunto de palabras, lo determinante es la intencionalidad del autor. <\/p>\n<p>Estos d\u00edas, un art\u00edculo del acad\u00e9mico Francisco Rico y otro del escritor Javier Cercas en el diario \u2018El Pa\u00eds\u2019 fueron la excusa para que el periodista Arcadi Espada escribiera en \u2018El Mundo\u2019 otra columna que ha suscitado una controversia fenomenal. El fondo del asunto \u2013en el que no voy a terciar\u2013 es si resulta leg\u00edtimo o no que en ciertas ocasiones el periodista recurra a la ficci\u00f3n, a la imaginaci\u00f3n, para interpretar los hechos del presente. Cercas insin\u00faa que s\u00ed y Espada, retorciendo el argumento hasta el absurdo, opta por inventarse, literal y aviesamente, la historia de que Javier Cercas hab\u00eda sido detenido en un prost\u00edbulo del barrio madrile\u00f1o de Arganzuela dentro de una redada contra una red de prostituci\u00f3n. <\/p>\n<p>Lo curioso es que esa redada se produjo y hubo casi treinta detenidos. Es posible que los lectores m\u00e1s avisados detectaran la iron\u00eda de Arcadi Espada y no se creyeran lo de la implicaci\u00f3n de Cercas, la ocurrencia imaginativa que pintaba al autor de \u2018Soldados de Salamina\u2019 como cliente de un prost\u00edbulo madrile\u00f1o. <\/p>\n<p>A Javier Cercas la broma no le ha parecido precisamente una broma. Y acaso tenga raz\u00f3n para no percibirla como tal. Es verdad que la ocurrencia de Arcadi Espada demuestra una cierta inclinaci\u00f3n al desenfado, a la iron\u00eda, pero dudo que en su \u00e1nimo solo estuviera el deseo de cosechar sonrisas. Y como en el homicidio o en el crimen, lo que cuenta es la intenci\u00f3n. La piadosa peripecia que la imaginaci\u00f3n de Espada enjareta a Javier Cercas le sit\u00faa m\u00e1s cerca del tocapelotas profesional que del cuentacuentos feliz.<\/p>\n<p>Edificar esa formidable ficci\u00f3n del Cercas putero tiene ribetes literarios, pero lo malo es que no se presenta al lector como un cuento o novela, sino como una columna period\u00edstica. El medio es ah\u00ed tambi\u00e9n el mensaje. Creo que Espada aplic\u00f3 en su art\u00edculo la misma parodia de insulto que, sostiene Borges, dicen que improvis\u00f3 el doctor Johnson: \u00abSu esposa, caballero, con el pretexto de que trabaja en un lupanar, vende g\u00e9neros de contrabando\u00bb. En este caso, al menos, Espada se limit\u00f3 a situar a Cercas en el burdel. Quiz\u00e1s cree que no debe abusarse de la imaginaci\u00f3n al interpretar los hechos en un peri\u00f3dico. <\/strong><strong><\/strong><\/p>\n<!-- AddThis Advanced Settings generic via filter on the_content --><!-- AddThis Share Buttons generic via filter on the_content -->","protected":false},"excerpt":{"rendered":"<p>Como bien saben los predicadores y los verdugos, las armas y las palabras no son buenas o malas en s\u00ed mismas, dependen del uso que se haga de ellas. Alguien puede desenvainar unas palabras del cinto del humor y la iron\u00eda, bienintecionadamente, o extraerlas del pozo del odio y el rencor. Pero resulta inimaginable que [&hellip;]<!-- AddThis Advanced Settings generic via filter on get_the_excerpt --><!-- AddThis Share Buttons generic via filter on get_the_excerpt --><\/p>\n","protected":false},"author":13,"featured_media":0,"comment_status":"open","ping_status":"closed","sticky":false,"template":"","format":"standard","meta":[],"categories":[1],"tags":[165,484,639,987],"_links":{"self":[{"href":"https:\/\/blogs.hoy.es\/Juandomingofernandez\/wp-json\/wp\/v2\/posts\/223"}],"collection":[{"href":"https:\/\/blogs.hoy.es\/Juandomingofernandez\/wp-json\/wp\/v2\/posts"}],"about":[{"href":"https:\/\/blogs.hoy.es\/Juandomingofernandez\/wp-json\/wp\/v2\/types\/post"}],"author":[{"embeddable":true,"href":"https:\/\/blogs.hoy.es\/Juandomingofernandez\/wp-json\/wp\/v2\/users\/13"}],"replies":[{"embeddable":true,"href":"https:\/\/blogs.hoy.es\/Juandomingofernandez\/wp-json\/wp\/v2\/comments?post=223"}],"version-history":[{"count":0,"href":"https:\/\/blogs.hoy.es\/Juandomingofernandez\/wp-json\/wp\/v2\/posts\/223\/revisions"}],"wp:attachment":[{"href":"https:\/\/blogs.hoy.es\/Juandomingofernandez\/wp-json\/wp\/v2\/media?parent=223"}],"wp:term":[{"taxonomy":"category","embeddable":true,"href":"https:\/\/blogs.hoy.es\/Juandomingofernandez\/wp-json\/wp\/v2\/categories?post=223"},{"taxonomy":"post_tag","embeddable":true,"href":"https:\/\/blogs.hoy.es\/Juandomingofernandez\/wp-json\/wp\/v2\/tags?post=223"}],"curies":[{"name":"wp","href":"https:\/\/api.w.org\/{rel}","templated":true}]}}