{"id":234,"date":"2011-05-06T10:29:00","date_gmt":"2011-05-06T10:29:00","guid":{"rendered":"http:\/\/blogs.hoy.es\/Juandomingofernandez\/?p=234"},"modified":"2011-05-06T10:29:00","modified_gmt":"2011-05-06T10:29:00","slug":"de-larra-einstein","status":"publish","type":"post","link":"https:\/\/blogs.hoy.es\/Juandomingofernandez\/2011\/05\/06\/de-larra-einstein\/","title":{"rendered":"De Larra a Einstein"},"content":{"rendered":"<p><strong>Larra dijo que \u00abescribir en Madrid es llorar\u00bb (y escribi\u00f3 \u2018Madrid\u2019, no \u2018Espa\u00f1a\u2019 en su art\u00edculo \u2018Horas de invierno\u2019, de diciembre de 1836) convirtiendo esa frase en el paradigma de una desaz\u00f3n muy extendida \u2013esta vez s\u00ed\u2013 por Espa\u00f1a, no solo por Madrid. El lamento a cuenta de la escritura ha vertido mucha m\u00e1s tinta que la que se necesita para lo contrario, es decir, para la celebraci\u00f3n del acto de escribir. <\/p>\n<p>La verdad es que el recurso al lamento o a la cr\u00edtica son muy f\u00e9rtiles en la historia de nuestra literatura y de nuestro periodismo. El mismo Larra se despach\u00f3 a gusto con fen\u00f3menos tan racialmente espa\u00f1oles como la burocracia, la molicie o la hipocres\u00eda. Pero tampoco hubieran variado mucho los resultados de haber cambiado de ministerio, de haber puesto la lupa en la situaci\u00f3n de los transportes, de las comunicaciones, de la agricultura, de la industria, del comercio&#8230; <\/p>\n<p>Larra no dijo \u00abinvestigar en Espa\u00f1a es llorar\u00bb, pero han comprobado emp\u00edricamente y por separado que la conclusi\u00f3n es correcta decenas de cient\u00edficos espa\u00f1oles: desde Severo Ochoa a Joan Or\u00f3, desde Santiago Grisol\u00eda a Joan Massagu\u00e9, desde Valent\u00edn Fuster a Juan Carlos Izpis\u00faa, o el mismo Mariano Barbacid, estos d\u00edas de actualidad por haber denunciado que el Centro de Investigaciones Oncol\u00f3gicas no dispone de fondos para proseguir una investigaci\u00f3n sobre el c\u00e1ncer de pulm\u00f3n. El Ministerio de Ciencia e Innovaci\u00f3n niega que lo que dice Barbacid sea cierto, y sostiene que el investigador, formado en Estados Unidos, s\u00ed puede proseguir con sus trabajos. Al margen de la \u2018an\u00e9cdota\u2019 del caso, lo que me parece significativo es la escasa relevancia que tiene en la vida p\u00fablica el mundo de la ciencia. \u00abAl carro de la cultura espa\u00f1ola le falta la rueda de la ciencia\u00bb, advirti\u00f3 Santiago Ram\u00f3n y Cajal, uno de esos espa\u00f1oles ins\u00f3litos capaces de sorprender al mundo con el fruto de una inteligencia y tes\u00f3n cultivadas en las adversas circunstancias de un pa\u00eds predispuesto a gastarse el dinero en el pan y circo de los futbolistas multimillonarios que a invertir cuatro euros en la investigaci\u00f3n cient\u00edfica b\u00e1sica o aplicada. <\/p>\n<p>Por no hablar del prestigio social; parcela en la que los medios de comunicaci\u00f3n me temo que deber\u00edamos entonar m\u00e1s de un \u2018mea culpa\u2019. Cualquier cenutrio que haya conseguido sus 15 minutos de gloria en un programa televisivo se garantizar\u00e1 m\u00e1s reconocimiento medi\u00e1tico en esta sociedad del espect\u00e1culo que el esforzado y an\u00f3nimo investigador encerrado media vida entre las cuatro paredes de un laboratorio o un centro experimental. <\/p>\n<p>Ayer le\u00ed que la sonda espacial Gravity Probe-Bm de la NASA hab\u00eda confirmado con alta precisi\u00f3n dos predicciones derivadas de la Teor\u00eda de la Relatividad de Einstein. Ignoro el inter\u00e9s pr\u00e1ctico que se deriva de esa constataci\u00f3n igual que ignoro el espacio que ocupar\u00eda la informaci\u00f3n en el caso de que tuviera que competir \u2013como si se tratase de boxeadores de distinta categor\u00eda\u2013 con noticias de otras secciones. Pero sospecho que si entre medias no se intuye la sinton\u00eda del esc\u00e1ndalo y la pol\u00e9mica, la noticia, por mucho Einstein que aparezca en ella, no se come ni un col\u00edn.<\/strong><\/p>\n<!-- AddThis Advanced Settings generic via filter on the_content --><!-- AddThis Share Buttons generic via filter on the_content -->","protected":false},"excerpt":{"rendered":"<p>Larra dijo que \u00abescribir en Madrid es llorar\u00bb (y escribi\u00f3 \u2018Madrid\u2019, no \u2018Espa\u00f1a\u2019 en su art\u00edculo \u2018Horas de invierno\u2019, de diciembre de 1836) convirtiendo esa frase en el paradigma de una desaz\u00f3n muy extendida \u2013esta vez s\u00ed\u2013 por Espa\u00f1a, no solo por Madrid. El lamento a cuenta de la escritura ha vertido mucha m\u00e1s tinta [&hellip;]<!-- AddThis Advanced Settings generic via filter on get_the_excerpt --><!-- AddThis Share Buttons generic via filter on get_the_excerpt --><\/p>\n","protected":false},"author":13,"featured_media":0,"comment_status":"open","ping_status":"closed","sticky":false,"template":"","format":"standard","meta":[],"categories":[1],"tags":[237,644,732],"_links":{"self":[{"href":"https:\/\/blogs.hoy.es\/Juandomingofernandez\/wp-json\/wp\/v2\/posts\/234"}],"collection":[{"href":"https:\/\/blogs.hoy.es\/Juandomingofernandez\/wp-json\/wp\/v2\/posts"}],"about":[{"href":"https:\/\/blogs.hoy.es\/Juandomingofernandez\/wp-json\/wp\/v2\/types\/post"}],"author":[{"embeddable":true,"href":"https:\/\/blogs.hoy.es\/Juandomingofernandez\/wp-json\/wp\/v2\/users\/13"}],"replies":[{"embeddable":true,"href":"https:\/\/blogs.hoy.es\/Juandomingofernandez\/wp-json\/wp\/v2\/comments?post=234"}],"version-history":[{"count":0,"href":"https:\/\/blogs.hoy.es\/Juandomingofernandez\/wp-json\/wp\/v2\/posts\/234\/revisions"}],"wp:attachment":[{"href":"https:\/\/blogs.hoy.es\/Juandomingofernandez\/wp-json\/wp\/v2\/media?parent=234"}],"wp:term":[{"taxonomy":"category","embeddable":true,"href":"https:\/\/blogs.hoy.es\/Juandomingofernandez\/wp-json\/wp\/v2\/categories?post=234"},{"taxonomy":"post_tag","embeddable":true,"href":"https:\/\/blogs.hoy.es\/Juandomingofernandez\/wp-json\/wp\/v2\/tags?post=234"}],"curies":[{"name":"wp","href":"https:\/\/api.w.org\/{rel}","templated":true}]}}