{"id":235,"date":"2011-05-13T10:57:00","date_gmt":"2011-05-13T10:57:00","guid":{"rendered":"http:\/\/blogs.hoy.es\/Juandomingofernandez\/?p=235"},"modified":"2011-05-13T10:57:00","modified_gmt":"2011-05-13T10:57:00","slug":"womad-mirar","status":"publish","type":"post","link":"https:\/\/blogs.hoy.es\/Juandomingofernandez\/2011\/05\/13\/womad-mirar\/","title":{"rendered":"Womad para mirar"},"content":{"rendered":"<p><strong>El Festival Womad cumple veinte a\u00f1os en C\u00e1ceres. Los carteles lo recuerdan por toda la ciudad. Veinte a\u00f1os es toda una vida. Siempre me ha interesado el Womad m\u00e1s como fen\u00f3meno sociol\u00f3gico, como encuentro de gente diversa, que como acontecimiento musical. Y tengo la impresi\u00f3n \u2013por el caso que se presta a ciertos conciertos\u2013 que otros muchos comparten esa prioridad por lo colectivo, por el puro espect\u00e1culo que supone una fiesta con miles de personas en la calle. Los primeros a\u00f1os hubo quien vivi\u00f3 el festival como una invasi\u00f3n de desharrapados y \u2018perroflautas\u2019 que romp\u00edan la placidez del c\u00e9sped de los parques y amenazaban las buenas formas y composturas m\u00e1s tradicionales en la ciudad. Se produjeron desencuentros, alg\u00fan que otro encontronazo pero no lleg\u00f3 la sangre al r\u00edo. <\/p>\n<p>Los ni\u00f1os que acud\u00edan de la mano de sus padres, sorteando los puestos de baratijas por la parte antigua, o participando en los talleres de baile y manualidades en San Jorge son ya veintea\u00f1eros o treinta\u00f1eros y se han convertido en los principales propagandistas del festival. Todav\u00eda muchos cacere\u00f1os se trabucan a la hora de pronunciar su nombre, pero el Womad es ya otra fiesta \u2018imprescindible\u2019 de la primavera en C\u00e1ceres. Una cita que se ha consolidado como en otras \u00e9pocas lo hicieron los festivales hispanoamericanos, el festival medieval, el festival de teatro cl\u00e1sico, las ferias o las celebraciones populares de San Jorge. <\/p>\n<p>Una muestra de 60 fotograf\u00edas del Womad ha servido para inaugurar un nuevo espacio cultural en la parte antigua, la Casa Torremochada, junto a la plaza de Santa Clara. La exposici\u00f3n, que permanecer\u00e1 abierta hasta el d\u00eda 5 de junio, re\u00fane im\u00e1genes de seis reporteros gr\u00e1ficos del diario HOY (Lorenzo Cordero, Jorge Rey y Armando M\u00e9ndez) y de \u2018El Peri\u00f3dico Extremadura\u2019 (Francis Villegas, Javier Caldera y Rufino Vivas). <\/p>\n<p>Yo guardo bastantes recuerdos del festival, pero si tuviera que seleccionar uno me quedar\u00eda con <\/strong><A href=\"https:\/\/www.facebook.com\/photo.php?fbid=154753484592480&#038;set=a.107157612685401.10065.100001734879829&#038;type=1&#038;theater\" title=\"https:\/\/www.facebook.com\/photo.php?fbid=154753484592480&#038;set=a.107157612685401.10065.100001734879829&#038;type=1&#038;theater\" id=\"link_0\">la foto de Lorenzo Cordero<\/a> <strong> en la que se ve a una ni\u00f1a de primera comuni\u00f3n en Santa Mar\u00eda rodeada de familiares y de algunos participantes en el Womad. Es el s\u00edmbolo de la convivencia pac\u00edfica y del respeto al diferente, la met\u00e1fora de la tolerancia y la alegr\u00eda en la celebraci\u00f3n. Una forma de conciliar lo de siempre y lo de ahora. La exposici\u00f3n permite recorrer la atm\u00f3sfera y la magia de esas citas multitudinarias que al principio hicieron refunfu\u00f1ar a bastantes cacere\u00f1os y al final han terminado haci\u00e9ndose familiares, como esos parientes algo granujas y simp\u00e1ticos que nos incomodan pero a los que siempre acabamos disculpando. <\/p>\n<p>Adem\u00e1s de im\u00e1genes, conservo otros recuerdos del Womad. Ciertas fotos veraniegas no necesito fecharlas, me basta con mirar qu\u00e9 edici\u00f3n figura en mi camiseta. Por casa tambi\u00e9n hay anillos, alg\u00fan malabar, alg\u00fan sombrero femenino de regalo, ced\u00e9s de varias \u2018estrellas musicales\u2019 de los primeros a\u00f1os y supongo que un buen pu\u00f1ado de nostalgia. Lo que nunca aceptar\u00eda cerca de m\u00ed son esos malditos bongos que se venden en el Womad y que te dejan la cabeza como una devanadera. Por ah\u00ed no paso.<\/strong><\/p>\n<!-- AddThis Advanced Settings generic via filter on the_content --><!-- AddThis Share Buttons generic via filter on the_content -->","protected":false},"excerpt":{"rendered":"<p>El Festival Womad cumple veinte a\u00f1os en C\u00e1ceres. Los carteles lo recuerdan por toda la ciudad. Veinte a\u00f1os es toda una vida. Siempre me ha interesado el Womad m\u00e1s como fen\u00f3meno sociol\u00f3gico, como encuentro de gente diversa, que como acontecimiento musical. Y tengo la impresi\u00f3n \u2013por el caso que se presta a ciertos conciertos\u2013 que [&hellip;]<!-- AddThis Advanced Settings generic via filter on get_the_excerpt --><!-- AddThis Share Buttons generic via filter on get_the_excerpt --><\/p>\n","protected":false},"author":13,"featured_media":0,"comment_status":"open","ping_status":"closed","sticky":false,"template":"","format":"standard","meta":[],"categories":[1],"tags":[179,1276,1362],"_links":{"self":[{"href":"https:\/\/blogs.hoy.es\/Juandomingofernandez\/wp-json\/wp\/v2\/posts\/235"}],"collection":[{"href":"https:\/\/blogs.hoy.es\/Juandomingofernandez\/wp-json\/wp\/v2\/posts"}],"about":[{"href":"https:\/\/blogs.hoy.es\/Juandomingofernandez\/wp-json\/wp\/v2\/types\/post"}],"author":[{"embeddable":true,"href":"https:\/\/blogs.hoy.es\/Juandomingofernandez\/wp-json\/wp\/v2\/users\/13"}],"replies":[{"embeddable":true,"href":"https:\/\/blogs.hoy.es\/Juandomingofernandez\/wp-json\/wp\/v2\/comments?post=235"}],"version-history":[{"count":0,"href":"https:\/\/blogs.hoy.es\/Juandomingofernandez\/wp-json\/wp\/v2\/posts\/235\/revisions"}],"wp:attachment":[{"href":"https:\/\/blogs.hoy.es\/Juandomingofernandez\/wp-json\/wp\/v2\/media?parent=235"}],"wp:term":[{"taxonomy":"category","embeddable":true,"href":"https:\/\/blogs.hoy.es\/Juandomingofernandez\/wp-json\/wp\/v2\/categories?post=235"},{"taxonomy":"post_tag","embeddable":true,"href":"https:\/\/blogs.hoy.es\/Juandomingofernandez\/wp-json\/wp\/v2\/tags?post=235"}],"curies":[{"name":"wp","href":"https:\/\/api.w.org\/{rel}","templated":true}]}}