{"id":238,"date":"2011-06-02T22:36:00","date_gmt":"2011-06-02T22:36:00","guid":{"rendered":"http:\/\/blogs.hoy.es\/Juandomingofernandez\/?p=238"},"modified":"2011-06-02T22:36:00","modified_gmt":"2011-06-02T22:36:00","slug":"trampas-del-lenguaje","status":"publish","type":"post","link":"https:\/\/blogs.hoy.es\/Juandomingofernandez\/2011\/06\/02\/trampas-del-lenguaje\/","title":{"rendered":"Trampas del lenguaje"},"content":{"rendered":"<p><strong>Supongo que el antiguo aforismo de \u00abquien escribe se proscribe\u00bb, ser\u00e1 de aplicaci\u00f3n tambi\u00e9n para los hablantes. En el lenguaje oral, por su naturaleza espont\u00e1nea y menos elaborada, quiz\u00e1s no abunda tanto el eufemismo que enmascara y camufla el sentido originario de las palabras, pero ese impostor se al\u00eda tambi\u00e9n con los hablantes seguramente desde los primeros balbuceos de nuestra especie. <\/p>\n<p>Hablar para referirse a la ETA por ejemplo como movimiento de liberaci\u00f3n en vez de organizaci\u00f3n terrorista; hablar de la \u2018cuesti\u00f3n\u2019 equis en vez del \u2018conflicto\u2019 equis o del problema que sea; decir \u2018interrupci\u00f3n voluntaria del embarazo\u2019 en vez de \u2018aborto\u2019; \u2018da\u00f1os colaterales\u2019 en vez de \u2018muerte de civiles\u2019; aquello tan frecuente durante la guerra civil y la posguerra espa\u00f1olas de \u2018dar el paseo\u2019 por \u2018ejecutar\u2019; \u2018relevo\u2019 por \u2018cese\u2019; \u2018interno\u2019 por \u2018preso\u2019; \u2018limpieza \u00e9tnica\u2019 por \u2018matanza racista\u2019; \u2018clases desfavorecidas\u2019 por \u2018pobres\u2019 o \u2018humildes\u2019&#8230; <\/p>\n<p>Los eufemismos proliferan especialmente en todo lo relativo a la sexualidad (repasen mentalmente la relaci\u00f3n de sin\u00f3nimos que conocen para designar los \u00f3rganos reproductores masculino y femenino), en todo lo relativo a lo escatol\u00f3gico y en todo lo relativo a la muerte. Y a la pol\u00edtica, claro. En tiempos de Franco en vez de \u2018obreros\u2019 se hablaba de \u2018productores\u2019 y en lugar de \u2018democracia\u2019 a secas, de \u2018democracia org\u00e1nica\u2019, quiz\u00e1s para alejarse de otros conceptos m\u00e1s inquietantes como \u2018democracia popular\u2019. <\/p>\n<p>A la proliferaci\u00f3n del eufemismo contribuye tambi\u00e9n la tendencia a imponer lo \u2018pol\u00edticamente correcto\u2019 que tienen algunos colectivos a medida que ganan poder y presencia social. Y seguro que se les ocurre a bote pronto un pu\u00f1ado de ejemplos para ilustrarlo. A m\u00ed me llama la atenci\u00f3n, sin embargo, la buena fama que han adquirido los eufemismos, y me resulta sospechoso que se aprecie lo que en realidad es tramoya y decorado. Una cosa es rehuir las expresiones hirientes y otra metamorfosear el lenguaje para que las palabras en vez de comunicar, oculten; en vez de lucir, sirvan de empalizada y disimulo. Al pan, pan, y al vino, vino. <\/p>\n<p>Dec\u00eda el fil\u00f3sofo <\/strong><A href=\"http:\/\/www.google.es\/#hl=es&#038;xhr=t&#038;q=Wittgenstein&#038;cp=5&#038;pf=p&#038;sclient=psy&#038;source=hp&#038;aq=0&#038;aqi=&#038;aql=&#038;oq=Wittg&#038;pbx=1&#038;bav=on.2,or.r_gc.r_pw.&#038;fp=624db8ae486419f&#038;biw=1280&#038;bih=861\" title=\"http:\/\/www.google.es\/#hl=es&#038;xhr=t&#038;q=Wittgenstein&#038;cp=5&#038;pf=p&#038;sclient=psy&#038;source=hp&#038;aq=0&#038;aqi=&#038;aql=&#038;oq=Wittg&#038;pbx=1&#038;bav=on.2,or.r_gc.r_pw.&#038;fp=624db8ae486419f&#038;biw=1280&#038;bih=861\" id=\"link_0\">Wittgenstein<\/a> <strong> que \u00abLos l\u00edmites de mi lenguaje significan los l\u00edmites de mi propio mundo\u00bb. Mal se\u00f1alizado tendr\u00e9 el universo donde me muevo si el propio lenguaje (y el pensamiento es el lenguaje, como advert\u00eda Piaget) tiene m\u00e1s trampas que una pel\u00edcula de chinos. <\/p>\n<p>Algunos creer\u00e1n que estoy hablando de lengua y de ling\u00fc\u00edstica. Se equivocan, estoy hablando de pol\u00edtica, y de lo que nos ocurre a diario. Miren alrededor: una formidable pol\u00e9mica intelectual porque el Diccionario Biogr\u00e1fico Espa\u00f1ol pastelea con los t\u00e9rminos \u2018totalitario\u2019 o \u2018autoritario\u2019 para no definir a Franco como \u2018dictador\u2019. <\/p>\n<p>Ayer mismo, el consejero de Econom\u00eda catal\u00e1n, Andreu Mas-Collel, suger\u00eda que se paralizaran las obras del AVE extreme\u00f1o como medida de austeridad. \u00c9l confesaba que no tiene nada \u00aben contra de Extremadura\u00bb pero \u00absi no hacemos los deberes, iremos mal. Por tanto, tenemos que hacer los deberes\u00bb. \u00bfTenemos? \u00bfQui\u00e9nes? \u00bfJusto ahora? Cu\u00e1nto eufemismo, y cu\u00e1nto rostro.<\/strong><\/p>\n<!-- AddThis Advanced Settings generic via filter on the_content --><!-- AddThis Share Buttons generic via filter on the_content -->","protected":false},"excerpt":{"rendered":"<p>Supongo que el antiguo aforismo de \u00abquien escribe se proscribe\u00bb, ser\u00e1 de aplicaci\u00f3n tambi\u00e9n para los hablantes. En el lenguaje oral, por su naturaleza espont\u00e1nea y menos elaborada, quiz\u00e1s no abunda tanto el eufemismo que enmascara y camufla el sentido originario de las palabras, pero ese impostor se al\u00eda tambi\u00e9n con los hablantes seguramente desde [&hellip;]<!-- AddThis Advanced Settings generic via filter on get_the_excerpt --><!-- AddThis Share Buttons generic via filter on get_the_excerpt --><\/p>\n","protected":false},"author":13,"featured_media":0,"comment_status":"open","ping_status":"closed","sticky":false,"template":"","format":"standard","meta":[],"categories":[1],"tags":[442,745,1015,1360],"_links":{"self":[{"href":"https:\/\/blogs.hoy.es\/Juandomingofernandez\/wp-json\/wp\/v2\/posts\/238"}],"collection":[{"href":"https:\/\/blogs.hoy.es\/Juandomingofernandez\/wp-json\/wp\/v2\/posts"}],"about":[{"href":"https:\/\/blogs.hoy.es\/Juandomingofernandez\/wp-json\/wp\/v2\/types\/post"}],"author":[{"embeddable":true,"href":"https:\/\/blogs.hoy.es\/Juandomingofernandez\/wp-json\/wp\/v2\/users\/13"}],"replies":[{"embeddable":true,"href":"https:\/\/blogs.hoy.es\/Juandomingofernandez\/wp-json\/wp\/v2\/comments?post=238"}],"version-history":[{"count":0,"href":"https:\/\/blogs.hoy.es\/Juandomingofernandez\/wp-json\/wp\/v2\/posts\/238\/revisions"}],"wp:attachment":[{"href":"https:\/\/blogs.hoy.es\/Juandomingofernandez\/wp-json\/wp\/v2\/media?parent=238"}],"wp:term":[{"taxonomy":"category","embeddable":true,"href":"https:\/\/blogs.hoy.es\/Juandomingofernandez\/wp-json\/wp\/v2\/categories?post=238"},{"taxonomy":"post_tag","embeddable":true,"href":"https:\/\/blogs.hoy.es\/Juandomingofernandez\/wp-json\/wp\/v2\/tags?post=238"}],"curies":[{"name":"wp","href":"https:\/\/api.w.org\/{rel}","templated":true}]}}