{"id":243,"date":"2011-06-23T22:29:00","date_gmt":"2011-06-23T22:29:00","guid":{"rendered":"http:\/\/blogs.hoy.es\/Juandomingofernandez\/?p=243"},"modified":"2011-06-23T22:29:00","modified_gmt":"2011-06-23T22:29:00","slug":"el-oro-la-politica","status":"publish","type":"post","link":"https:\/\/blogs.hoy.es\/Juandomingofernandez\/2011\/06\/23\/el-oro-la-politica\/","title":{"rendered":"El oro de la pol\u00edtica"},"content":{"rendered":"<p><strong>La pol\u00edtica vive un renacer \u2013por activa o por pasiva\u2013 que enciende \u00e1nimos y suscita controversias  adormiladas por la modorra del bienestar, del progreso f\u00e1cil y del \u2018para\u00edso\u2019 previo a la crisis. Unos pocos a\u00f1os atr\u00e1s era inimaginable, por ejemplo, que miles de j\u00f3venes se lanzaran a la plaza p\u00fablica para acampar e instaurar un estado de debate en marcha, o que formaciones pol\u00edticas como Izquierda Unida concitara entre sus militantes un inter\u00e9s tan encendido como el demostrado en las asambleas locales celebradas estos d\u00edas por toda Extremadura.   <\/p>\n<p>Durante a\u00f1os los dirigentes pol\u00edticos se han lamentado de la falta de participaci\u00f3n y de implicaci\u00f3n ciudadana en los asuntos p\u00fablicos. Como si la vida pol\u00edtica oficial fuera una representaci\u00f3n ajena, alejada de los eventos consuetudinarios que acontecen en la r\u00faa, por decirlo al estilo de Mairena. Y los ciudadanos nos hemos quejado de una democracia que se reduc\u00eda al poco estimulante tr\u00e1mite de votar una vez cada cuatro a\u00f1os y aqu\u00ed paz y despu\u00e9s gloria. Los debates que en otras legislaturas no superaron en el Parlamento regional el calificativo de \u2018tediosos\u2019 suscitar\u00e1n ahora tanta expectaci\u00f3n como algunos programas televisivos en horario de m\u00e1xima audiencia. <\/p>\n<p>\u00bfNo quer\u00edan los pol\u00edticos atenci\u00f3n? Pues ya la tienen. \u00bfNo es precisa la participaci\u00f3n? Pues se aproxima. En la sociedad del espect\u00e1culo, en estos tiempos del \u2018pensamiento d\u00e9bil\u2019 que formul\u00f3 Vattimo, la pol\u00edtica se ha convertido tambi\u00e9n en un producto de consumo que alimenta tan ricamente el nuevo panorama informativo. Ya no es el simple tr\u00e1mite que da paso a la obra de unos actores a los que solo ve\u00edamos en la distancia, de soslayo, gesticular y manotear sobre un escenario representando una obra por la que no mostramos el m\u00ednimo inter\u00e9s. Como si no fuera con nosotros. <\/p>\n<p>Hace unos pocos d\u00edas el veterano periodista Ram\u00f3n Chao (padre del cantante Manu Chao) entrevistaba en \u2018ABC Cultural\u2019 a Ignacio Ramonet, director de \u2018Le Monde diplomatique\u2019, con motivo de la publicaci\u00f3n de su \u00faltimo ensayo, \u2018La explosi\u00f3n del periodismo\u2019 (Clave Intelectual). En un momento de la entrevista le pregunta Ram\u00f3n Chao: \u00ab\u00bfEl tr\u00e1nsito de la era de los medios de masa a la de la masa de los medios ser\u00e1 largo y dif\u00edcil?\u00bb. Y contesta Ramonet: \u00abSe ha de pasar por un periodo de selecci\u00f3n de tipo darwiniano: muchas especies de peri\u00f3dicos no se adaptar\u00e1n al nuevo ecosistema y se extinguir\u00e1n. Otros, en versi\u00f3n papel o digital, luchar\u00e1n contra las tendencias medi\u00e1ticas actuales (urgencia, brevedad, simplicidad, frivolidad, espectacularidad, inmediatez, superficialidad) y sobrevivir\u00e1n. Algunos hasta se afianzar\u00e1n\u00bb. <\/p>\n<p>De la respuesta de Ramonet no me interesa tanto el vaticinio como el an\u00e1lisis, esa relaci\u00f3n de caracter\u00edsticas que atribuye a los medios digitales de ahora. Estoy de acuerdo con \u00e9l. Es lo que prima. A pesar de ello, la pol\u00edtica, que precisa algo m\u00e1s que \u00aburgencia, brevedad, simplicidad, frivolidad, espectacularidad, inmediatez, superficialidad\u00bb se ha encaramado de nuevo a los primeros lugares del inter\u00e9s general. Yo asisto alborozado a ese renacer, aunque entre el oro se escape a veces algo de morralla. <\/strong><\/p>\n<!-- AddThis Advanced Settings generic via filter on the_content --><!-- AddThis Share Buttons generic via filter on the_content -->","protected":false},"excerpt":{"rendered":"<p>La pol\u00edtica vive un renacer \u2013por activa o por pasiva\u2013 que enciende \u00e1nimos y suscita controversias adormiladas por la modorra del bienestar, del progreso f\u00e1cil y del \u2018para\u00edso\u2019 previo a la crisis. Unos pocos a\u00f1os atr\u00e1s era inimaginable, por ejemplo, que miles de j\u00f3venes se lanzaran a la plaza p\u00fablica para acampar e instaurar un [&hellip;]<!-- AddThis Advanced Settings generic via filter on get_the_excerpt --><!-- AddThis Share Buttons generic via filter on get_the_excerpt --><\/p>\n","protected":false},"author":13,"featured_media":0,"comment_status":"open","ping_status":"closed","sticky":false,"template":"","format":"standard","meta":[],"categories":[1],"tags":[26,987,1021],"_links":{"self":[{"href":"https:\/\/blogs.hoy.es\/Juandomingofernandez\/wp-json\/wp\/v2\/posts\/243"}],"collection":[{"href":"https:\/\/blogs.hoy.es\/Juandomingofernandez\/wp-json\/wp\/v2\/posts"}],"about":[{"href":"https:\/\/blogs.hoy.es\/Juandomingofernandez\/wp-json\/wp\/v2\/types\/post"}],"author":[{"embeddable":true,"href":"https:\/\/blogs.hoy.es\/Juandomingofernandez\/wp-json\/wp\/v2\/users\/13"}],"replies":[{"embeddable":true,"href":"https:\/\/blogs.hoy.es\/Juandomingofernandez\/wp-json\/wp\/v2\/comments?post=243"}],"version-history":[{"count":0,"href":"https:\/\/blogs.hoy.es\/Juandomingofernandez\/wp-json\/wp\/v2\/posts\/243\/revisions"}],"wp:attachment":[{"href":"https:\/\/blogs.hoy.es\/Juandomingofernandez\/wp-json\/wp\/v2\/media?parent=243"}],"wp:term":[{"taxonomy":"category","embeddable":true,"href":"https:\/\/blogs.hoy.es\/Juandomingofernandez\/wp-json\/wp\/v2\/categories?post=243"},{"taxonomy":"post_tag","embeddable":true,"href":"https:\/\/blogs.hoy.es\/Juandomingofernandez\/wp-json\/wp\/v2\/tags?post=243"}],"curies":[{"name":"wp","href":"https:\/\/api.w.org\/{rel}","templated":true}]}}