{"id":247,"date":"2011-07-22T22:13:00","date_gmt":"2011-07-22T22:13:00","guid":{"rendered":"http:\/\/blogs.hoy.es\/Juandomingofernandez\/?p=247"},"modified":"2011-07-22T22:13:00","modified_gmt":"2011-07-22T22:13:00","slug":"camps-otro-raro","status":"publish","type":"post","link":"https:\/\/blogs.hoy.es\/Juandomingofernandez\/2011\/07\/22\/camps-otro-raro\/","title":{"rendered":"Camps, otro raro"},"content":{"rendered":"<p><strong>Aqu\u00ed se le presta m\u00e1s atenci\u00f3n al entierro que al bautizo o a las bodas de oro. La hora del adi\u00f3s no es la de las alabanzas, sino la de \u00a1ya era hora! Y <\/strong><strong>a pesar de ello, no prosperan los voluntarios dispuestos a cosechar la gloria de la despedida. Quieto todo el mundo. Curioso pa\u00eds el nuestro, donde el cometa de la dimisi\u00f3n deja una estela m\u00e1s grande que la del mismo personaje. Resulta tan inusitado ser dimisionario en Espa\u00f1a que reuniendo unos cuantos se podr\u00eda elaborar otra \u2018Galer\u00eda de raros\u2019 como la publicada por don Ram\u00f3n Carande. Descubrir una dimisi\u00f3n que no sea forzada o inducida parece m\u00e1s dif\u00edcil que toparse con Arist\u00f3teles en una tertulia televisiva. <\/p>\n<p>Es tan asombroso dimitir en Espa\u00f1a que alg\u00fan personaje p\u00fablico ha convertido ese descabalgamiento en su mayor timbre de gloria, en lo m\u00e1s relevante de su trayectoria hist\u00f3rica. Muchos estudiantes de Secundaria lo \u00fanico que sabr\u00edan decir de Nicol\u00e1s Salmer\u00f3n es que renunci\u00f3 a la presidencia de la I Rep\u00fablica por no firmar una sentencia de muerte, y de Francisco Pi y Margall,  su predecesor en el cargo, que tambi\u00e9n dimiti\u00f3 porque el cantonalismo minaba sus ideales federalistas. Ambos casos en el siglo XIX. En nuestros d\u00edas, exceptuando el edificante gesto del se\u00f1or Camps \u2013que se ha resistido como gato panza arriba a ofrecer ese \u00absacrificio por Espa\u00f1a\u00bb\u2013 las dimisiones en el \u00e1mbito pol\u00edtico pr\u00e1cticamente se reducen a las de Antonio Asunci\u00f3n, que renunci\u00f3 al cargo de ministro de Interior tras la estrepitosa fuga de Luis Rold\u00e1n, exdirector de la Guardia Civil, y la dimisi\u00f3n del ministro de Justicia, Mariano Fern\u00e1ndez Bermejo, tras haber participado en una  monter\u00eda junto al juez Garz\u00f3n y para la que no contaba adem\u00e1s con la licencia de caza andaluza. Aunque a los dos ex ministros les quede mucho futuro en la pol\u00edtica, una cosa es segura: pasar\u00e1n a la historia por haber asumido una culpa y deslizarse al pante\u00f3n de los dimisionarios. Gente rara.<br \/>\n<\/strong><br \/>\n<strong>No s\u00e9 si el Diccionario Biogr\u00e1fico Espa\u00f1ol o cualquier otra obra similar podr\u00e1n cuantificar alguna vez el n\u00famero y la filiaci\u00f3n pol\u00edtica de nuestros dimisionarios. Yo creo que han sido algo m\u00e1s abundantes en la izquierda que en la derecha, considerando el tiempo, claro est\u00e1, que han gobernado en los \u00faltimos ciento cincuenta a\u00f1os los de un signo pol\u00edtico y los del otro. <\/p>\n<p>Aunque probablemente sea una \u2018contabilidad\u2019 que importa poco. Ya don Antonio Machado nos avisaba, con su lucidez bondadosa y llena de humor descre\u00eddo, de una realidad espa\u00f1ola que trasciende el momento e incluso el signo pol\u00edtico del momento:  <\/p>\n<p>\u00ab\u2013Yo no s\u00e9,<br \/>\ndon Jos\u00e9,<br \/>\nc\u00f3mo son los liberales<br \/>\ntan perros, tan inmorales.<br \/>\n \u2013\u00a1 Oh, tranquil\u00edcese, ust\u00e9 !<br \/>\nPasados los carnavales,<br \/>\nvendr\u00e1n los conservadores,<br \/>\nbuenos administradores<br \/>\nde su casa.<br \/>\nTodo llega y todo pasa.<br \/>\n Nada eterno:<br \/>\nni gobierno que perdure,<br \/>\nni mal que cien a\u00f1os dure\u00bb. <\/p>\n<p>Seguro que Camps no lee a Machado. <\/strong><\/p>\n<!-- AddThis Advanced Settings generic via filter on the_content --><!-- AddThis Share Buttons generic via filter on the_content -->","protected":false},"excerpt":{"rendered":"<p>Aqu\u00ed se le presta m\u00e1s atenci\u00f3n al entierro que al bautizo o a las bodas de oro. La hora del adi\u00f3s no es la de las alabanzas, sino la de \u00a1ya era hora! Y a pesar de ello, no prosperan los voluntarios dispuestos a cosechar la gloria de la despedida. Quieto todo el mundo. Curioso [&hellip;]<!-- AddThis Advanced Settings generic via filter on get_the_excerpt --><!-- AddThis Share Buttons generic via filter on get_the_excerpt --><\/p>\n","protected":false},"author":13,"featured_media":0,"comment_status":"open","ping_status":"closed","sticky":false,"template":"","format":"standard","meta":[],"categories":[1],"tags":[189,348],"_links":{"self":[{"href":"https:\/\/blogs.hoy.es\/Juandomingofernandez\/wp-json\/wp\/v2\/posts\/247"}],"collection":[{"href":"https:\/\/blogs.hoy.es\/Juandomingofernandez\/wp-json\/wp\/v2\/posts"}],"about":[{"href":"https:\/\/blogs.hoy.es\/Juandomingofernandez\/wp-json\/wp\/v2\/types\/post"}],"author":[{"embeddable":true,"href":"https:\/\/blogs.hoy.es\/Juandomingofernandez\/wp-json\/wp\/v2\/users\/13"}],"replies":[{"embeddable":true,"href":"https:\/\/blogs.hoy.es\/Juandomingofernandez\/wp-json\/wp\/v2\/comments?post=247"}],"version-history":[{"count":0,"href":"https:\/\/blogs.hoy.es\/Juandomingofernandez\/wp-json\/wp\/v2\/posts\/247\/revisions"}],"wp:attachment":[{"href":"https:\/\/blogs.hoy.es\/Juandomingofernandez\/wp-json\/wp\/v2\/media?parent=247"}],"wp:term":[{"taxonomy":"category","embeddable":true,"href":"https:\/\/blogs.hoy.es\/Juandomingofernandez\/wp-json\/wp\/v2\/categories?post=247"},{"taxonomy":"post_tag","embeddable":true,"href":"https:\/\/blogs.hoy.es\/Juandomingofernandez\/wp-json\/wp\/v2\/tags?post=247"}],"curies":[{"name":"wp","href":"https:\/\/api.w.org\/{rel}","templated":true}]}}