{"id":252,"date":"2011-09-02T20:16:20","date_gmt":"2011-09-02T19:16:20","guid":{"rendered":"http:\/\/blogs.hoy.es\/Juandomingofernandez\/?p=252"},"modified":"2011-09-02T20:16:20","modified_gmt":"2011-09-02T19:16:20","slug":"consumo-y-despilfarro","status":"publish","type":"post","link":"https:\/\/blogs.hoy.es\/Juandomingofernandez\/2011\/09\/02\/consumo-y-despilfarro\/","title":{"rendered":"Consumo y despilfarro"},"content":{"rendered":"<p>A trav\u00e9s de los ochenta y tantos kil\u00f3metros que he recorrido durante muchos veranos en mis peregrinajes a Guadalupe, lo que m\u00e1s me llamaba la atenci\u00f3n reci\u00e9n niciado el camino, cerca de Trujillo, no eran la belleza de los paisajes, tan variados despu\u00e9s de las leguas de berrocal, ni el mar de luces que se divisa por la noche rebasada la sierra de los Lagares. Ni siquiera el serpentear de caminos polvorientos y veredas que se pierden aqu\u00ed y all\u00e1, entre olivares, jaramagos y la soledad de las encinas.<br \/>\nSiempre por carretera, a los ojos del peregrino lo que m\u00e1s le sorprende es la acumulaci\u00f3n de latas de aluminio y desperdicios que salpican las cunetas, convertidas en vertedero improvisado hasta de alg\u00fan colch\u00f3n colapsado de sue\u00f1os y porquer\u00eda.<br \/>\nCargado con la mochila, la vista va y viene desde la silueta de la sierra del Puerto hasta las estribaciones monta\u00f1osas que anticipan el frescor de Logros\u00e1n y m\u00e1s adelante la promesa de las Villuercas y Ca\u00f1amero. Pero\u00a0 inevitablemente, como si fueran los contrapuntos de una jornada feliz, de tarde en tarde nos enoja la visi\u00f3n de los desechos: aqu\u00ed una lata, all\u00ed un tetrabrick, m\u00e1s adelante restos de cart\u00f3n, pl\u00e1sticos&#8230;<br \/>\nNo somos tan solo una sociedad que ha vivido por encima de sus posibilidades, es que nos hemos convertido en manirrotos, como esos nuevos ricos a los que emborracha el dinero f\u00e1cil o el \u00e9xito enga\u00f1oso y se precipitan raudos a cambiar las tres \u2018c\u2019: la casa, el coche y la compa\u00f1era.<br \/>\nHe aprovechado alguno de mis d\u00edas de vacaciones para releer esa joyita de la filosof\u00eda pol\u00edtica titulada \u2018Comunicado urgente contra el despilfarro\u2019, de Agust\u00edn Garc\u00eda Calvo, autor del que podr\u00eda decirse lo mismo que dijo la autoridad gubernativa de Valle Incl\u00e1n: \u00abEximio escritor y extravagante ciudadano\u00bb, con la salvedad de que en el caso de Garc\u00eda Calvo, me parece que nadie discrepar\u00eda si a\u00f1adimos la expresi\u00f3n \u00abl\u00facido fil\u00f3sofo\u00bb. A lo que voy. En ese librito, de finales de los a\u00f1os setenta, ya nos avisaba que la nueva sociedad se define por\u00a0 un t\u00e9rmino, \u2018consumo\u2019, que no se corresponde exactamente con el t\u00e9rmino \u2018despilfarro\u2019, pues el primero (\u00abconsumo yo\u00bb o \u00abconsumen los habitantes de Espa\u00f1a\u00bb) va ligado a lo personal mientras que \u2018despilfarro\u2019 va unido al proceso de depreciaci\u00f3n de la persona, est\u00e1 fundado \u00aben la depreciaci\u00f3n (y en cierto modo anulaci\u00f3n) de las cosas y bienes que su despilfarro exige\u00bb. Parece un galimat\u00edas, pero nada de eso.<br \/>\nTampoco puede creerse que \u2018consumo\u2019 alude aqu\u00ed a lo necesario y \u2018despilfarro\u2019 al consumo de bienes no necesarios, pues como previene Garc\u00eda Calvo, no sabemos en realidad cu\u00e1les son las \u00abnecesidades primarias y naturales\u00bb de la persona, pero s\u00ed sabemos que es el mercado quien se encarga de crearnos bienes y crearnos necesidades para que nosotros las consumamos: es decir, es el propio mercado el que establece la oferta y la demanda para suministrar a sus clientes los gustos y caprichos que deben tener y consumir. Dice Garc\u00eda Calvo que la definici\u00f3n de \u2018despilfarro\u2019 es \u00abconsumo de consumo\u00bb. Para saber que lleva raz\u00f3n me basta con observar los \u2018mercados\u2019 o reparar en ciertas cunetas.<\/p>\n<!-- AddThis Advanced Settings generic via filter on the_content --><!-- AddThis Share Buttons generic via filter on the_content -->","protected":false},"excerpt":{"rendered":"<p>A trav\u00e9s de los ochenta y tantos kil\u00f3metros que he recorrido durante muchos veranos en mis peregrinajes a Guadalupe, lo que m\u00e1s me llamaba la atenci\u00f3n reci\u00e9n niciado el camino, cerca de Trujillo, no eran la belleza de los paisajes, tan variados despu\u00e9s de las leguas de berrocal, ni el mar de luces que se [&hellip;]<!-- AddThis Advanced Settings generic via filter on get_the_excerpt --><!-- AddThis Share Buttons generic via filter on get_the_excerpt --><\/p>\n","protected":false},"author":13,"featured_media":0,"comment_status":"open","ping_status":"closed","sticky":false,"template":"","format":"standard","meta":[],"categories":[1],"tags":[],"_links":{"self":[{"href":"https:\/\/blogs.hoy.es\/Juandomingofernandez\/wp-json\/wp\/v2\/posts\/252"}],"collection":[{"href":"https:\/\/blogs.hoy.es\/Juandomingofernandez\/wp-json\/wp\/v2\/posts"}],"about":[{"href":"https:\/\/blogs.hoy.es\/Juandomingofernandez\/wp-json\/wp\/v2\/types\/post"}],"author":[{"embeddable":true,"href":"https:\/\/blogs.hoy.es\/Juandomingofernandez\/wp-json\/wp\/v2\/users\/13"}],"replies":[{"embeddable":true,"href":"https:\/\/blogs.hoy.es\/Juandomingofernandez\/wp-json\/wp\/v2\/comments?post=252"}],"version-history":[{"count":0,"href":"https:\/\/blogs.hoy.es\/Juandomingofernandez\/wp-json\/wp\/v2\/posts\/252\/revisions"}],"wp:attachment":[{"href":"https:\/\/blogs.hoy.es\/Juandomingofernandez\/wp-json\/wp\/v2\/media?parent=252"}],"wp:term":[{"taxonomy":"category","embeddable":true,"href":"https:\/\/blogs.hoy.es\/Juandomingofernandez\/wp-json\/wp\/v2\/categories?post=252"},{"taxonomy":"post_tag","embeddable":true,"href":"https:\/\/blogs.hoy.es\/Juandomingofernandez\/wp-json\/wp\/v2\/tags?post=252"}],"curies":[{"name":"wp","href":"https:\/\/api.w.org\/{rel}","templated":true}]}}